{"id":18939,"date":"2016-06-06T19:26:35","date_gmt":"2016-06-06T17:26:35","guid":{"rendered":"https:\/\/www.forum-soegel.de\/information\/?p=18939"},"modified":"2016-06-06T19:29:59","modified_gmt":"2016-06-06T17:29:59","slug":"weltladen-sogel-verzeichnet-weiter-deutliche-umsatzsteigerungen","status":"publish","type":"post","link":"https:\/\/www.forum-soegel.de\/information\/2016\/06\/weltladen-sogel-verzeichnet-weiter-deutliche-umsatzsteigerungen\/","title":{"rendered":"Weltladen S\u00f6gel verzeichnet weiter deutliche Umsatzsteigerungen"},"content":{"rendered":"<p style=\"text-align: left;\" align=\"center\"><strong><em>Weltladen S\u00f6gel verzeichnet weiter deutliche Umsatzsteigerungen<\/em><\/strong><\/p>\n<p style=\"text-align: left;\">S\u00f6gel &#8211; \u201eWir blicken auf ein ruhiges Vereinsjahr 2015 zur\u00fcck\u201c, sagte der Vorsitzende des Vereins \u201eUnsere Welt \u2013 Eine Welt\u201c S\u00f6gel e.V., Christof Willeke anl\u00e4sslich der Mitgliederversammlung. Nachdem in 2014 der ehrenamtlich gef\u00fchrte Weltladen mit hohem pers\u00f6nlichen und finanziellen Aufwand umgestaltet worden war, verzeichnete man auch im Folgejahr ein deutliches Umsatzplus.<\/p>\n<p>Willeke wies in seinem Jahresbericht auf zahlreiche Aktivit\u00e4ten des Vereins hin, die erfolgreich verlaufen seien. Erfreut sei er dar\u00fcber, dass der Weltladen in der Sigiltrastra\u00dfe nach wie vor von ehrenamtlichen Vereinsmitgliedern und von Sch\u00fclern betrieben werde. Durch die Anschaffung einer elektronischen Ladenkasse sei die Buchf\u00fchrung erleichtert worden.<\/p>\n<p>Der \u201eAufw\u00e4rtstrend\u201c des Weltladens spiegelte sich auch im Finanzbericht der bisherigen Kassenwartin Ingrid Grie\u00df wieder. Man habe die Ums\u00e4tze nochmal deutlich steigern k\u00f6nnen und verzeichne nicht zuletzt auch durch die Mitgliedsbeitr\u00e4ge und Spenden eine gesunde finanzielle Finanzlage. Dadurch sei der Verein in die Lage versetzt worden, rund 10.000 Euro an Spenden f\u00fcr Projekte der Eirene (\u00d6kumenischer, internationaler Friedens- und Entwicklungsdienst), im Niger und im Senegal zur Verf\u00fcgung zu stellen. In den T\u00e4tigkeitsbereichen dieser Einrichtungen wurde deutlich, dass mit der finanziellen Hilfe des Vereins wertvolle Hilfe vor Ort geleistet werden konnte. B\u00fcrgermeistern Irmgard Welling lobte das Engagement des Vereins und berichtete noch \u00fcber die Fl\u00fcchtlingssituation in S\u00f6gel.<\/p>\n<p>Bevor die Vorstandswahlen anstanden, wurde Ingrid Grie\u00df geehrt. Sie f\u00fchrt die Finanzen seit Vereinsgr\u00fcndung vor rund 27 Jahren. Sowohl Jutta Czeranka als auch Michael Hevicke machten als langj\u00e4hrige Weggef\u00e4hrten deutlich, dass Ingrid Grie\u00df den Verein auch durch schweres Fahrwasser sicher gef\u00fchrt habe und stets Garantin f\u00fcr eine solide Kassenf\u00fchrung gewesen sei. Christof Willeke \u00fcbereichte als Zeichen des Dankes ein Pr\u00e4sent. Nachfolgerin als Kassenwartin wurde auf einstimmigen Beschluss der Versammlung die bisherige stellvertretende Vorsitzende Claudia Grote. Neue stellvertretende Vorsitzende ist aufgrund eines ebenfalls einstimmigen Votums \u00a0Martina Herbes. Der Vorstandsposten des Jugendwartes bleibt vakant. Diana Schmitz und Lisa Jellinghaus haben sich allerdings bereit erkl\u00e4rt, weiterhin die Betreuung der Jugendgruppe \u00a0zu \u00fcbernehmen.<\/p>\n<p>Diana Schmitz berichtet der Versammlung von der Aktion \u201eFairtrade-Schools<strong>\u201c<\/strong>, die am H\u00fcmmlinggymnasiums auf gro\u00dfe Resonanz gesto\u00dfen sei. F\u00fcr die Zertifizierung zur Fairtrade-School seien nicht nur Aktionen wie das Angebot von fair gehandelten Produkten, sondern auch die Schaffung eines Bewusstseins in der Schule f\u00fcr Fairness und Gerechtigkeit im weltweiten Handel notwendig. Die Schule haben alle erforderlichen Beschl\u00fcsse getroffen. Im Internet sei ein Blog eingerichtet, in dem teilnehmende\u00a0 Schulen \u00fcber ihre Aktivit\u00e4ten berichten<strong> (<\/strong><a href=\"https:\/\/blog.fairtrade-schools.de\/\">https:\/\/blog.fairtrade-schools.de\/<\/a>) und sich austauschen k\u00f6nnen. In K\u00fcrze werden die Sch\u00fcler auch im S\u00f6geler Kindergarten des Themas \u201eFairtrade\u201c kindgerecht vorstellen.<\/p>\n<p>Der 17-j\u00e4hrige Abiturient Hermann Ahrens aus S\u00f6gel wird in K\u00fcrze einen Freiwilligendienst im Rahmen der Initiative \u201eJugend im Ausland\u201c der KJSH (Kinder-, Jugend- und Soziale Hilfen, es ist ein Verbund von gemeinn\u00fctzigen Tr\u00e4gern, die im Jugendhilfe- und Sozialbereich der unter anderem im n\u00f6rdlichen Botswana am Okavango-Delta t\u00e4tig ist) antreten.\u00a0 Sein Einsatzgebiet wird die Bana Ba Metsi-School sein. Er sei auch durch seine T\u00e4tigkeit im S\u00f6geler Weltladen auf die Idee gekommen, sich nicht gleich f\u00fcrs Studium zu bewerben, sondern \u201eetwas f\u00fcr andere zu machen\u201c, die Hilfe ben\u00f6tigen. Ahrens` Aufgabe wird neben der Unterrichtung der Sch\u00fcler auch sein, den Sch\u00fclern als Mentor Anleitung f\u00fcr handwerkliche und praktische T\u00e4tigkeiten zu geben. Um vor Ort Hilfe zur Selbsthilfe leisten zu k\u00f6nnen, bat er die Versammlungsteilnehmer um eine Spende an den KJSH. Die Initiative des Abiturienten wurde mit anerkennendem Beifall aufgenommen.<\/p>\n<p>Text\/Fotos: LB<\/p>\n<div id=\"attachment_18945\" style=\"width: 310px\" class=\"wp-caption alignnone\"><a href=\"https:\/\/www.forum-soegel.de\/information\/wp-content\/uploads\/2016\/06\/Weltladen-S\u00f6gel-verzeichnet-weiter-deutliche-Umsatzsteigerungen11.jpg\"><img loading=\"lazy\" decoding=\"async\" aria-describedby=\"caption-attachment-18945\" class=\"size-medium wp-image-18945\" title=\"Weltladen S\u00f6gel verzeichnet weiter deutliche Umsatzsteigerungen1\" src=\"https:\/\/www.forum-soegel.de\/information\/wp-content\/uploads\/2016\/06\/Weltladen-S\u00f6gel-verzeichnet-weiter-deutliche-Umsatzsteigerungen11-300x200.jpg\" alt=\"\" width=\"300\" height=\"200\" srcset=\"https:\/\/www.forum-soegel.de\/information\/wp-content\/uploads\/2016\/06\/Weltladen-S\u00f6gel-verzeichnet-weiter-deutliche-Umsatzsteigerungen11-300x200.jpg 300w, https:\/\/www.forum-soegel.de\/information\/wp-content\/uploads\/2016\/06\/Weltladen-S\u00f6gel-verzeichnet-weiter-deutliche-Umsatzsteigerungen11.jpg 1024w\" sizes=\"auto, (max-width: 300px) 100vw, 300px\" \/><\/a><p id=\"caption-attachment-18945\" class=\"wp-caption-text\">Verabschiedet nach 27-j\u00e4hriger T\u00e4tigkeit als Kassenwartin im Verein \u201eUnsere Welt \u2013 Eine Welt\u201c S\u00f6gel e.V. wurde Ingrid Grie\u00df (4. von links). Vorsitzender Christof Willeke (3. von links) \u00fcberreichte der scheidenden Finanzverwalterin ein Pr\u00e4sent. Diana Schmitz (links) betreut weiterhin die Sch\u00fclergruppen. Im Vorstand sind aktiv Martina Herbes (Stellvertreterin des Vorsitzenden), Claudia Grote (Kassenwartin) und Elfriede Binner (Schriftwartin)<\/p><\/div>\n<div id=\"attachment_18946\" style=\"width: 310px\" class=\"wp-caption alignnone\"><a href=\"https:\/\/www.forum-soegel.de\/information\/wp-content\/uploads\/2016\/06\/Weltladen-S\u00f6gel-verzeichnet-weiter-deutliche-Umsatzsteigerungen21.jpg\"><img loading=\"lazy\" decoding=\"async\" aria-describedby=\"caption-attachment-18946\" class=\"size-medium wp-image-18946\" title=\"Weltladen S\u00f6gel verzeichnet weiter deutliche Umsatzsteigerungen2\" src=\"https:\/\/www.forum-soegel.de\/information\/wp-content\/uploads\/2016\/06\/Weltladen-S\u00f6gel-verzeichnet-weiter-deutliche-Umsatzsteigerungen21-300x210.jpg\" alt=\"\" width=\"300\" height=\"210\" srcset=\"https:\/\/www.forum-soegel.de\/information\/wp-content\/uploads\/2016\/06\/Weltladen-S\u00f6gel-verzeichnet-weiter-deutliche-Umsatzsteigerungen21-300x210.jpg 300w, https:\/\/www.forum-soegel.de\/information\/wp-content\/uploads\/2016\/06\/Weltladen-S\u00f6gel-verzeichnet-weiter-deutliche-Umsatzsteigerungen21.jpg 1024w\" sizes=\"auto, (max-width: 300px) 100vw, 300px\" \/><\/a><p id=\"caption-attachment-18946\" class=\"wp-caption-text\">Hermann Ahrens pr\u00e4sentierte den Mitgliedern des Vereins sein Vorhaben, in Botswana einen Freiwilligendienst zu \u00fcbernehmen.<\/p><\/div>\n","protected":false},"excerpt":{"rendered":"Weltladen S\u00f6gel verzeichnet weiter deutliche Umsatzsteigerungen S\u00f6gel &#8211; \u201eWir blicken auf ein ruhiges Vereinsjahr 2015 zur\u00fcck\u201c, sagte der Vorsitzende des Vereins \u201eUnsere Welt \u2013 Eine Welt\u201c S\u00f6gel e.V., Christof Willeke anl\u00e4sslich der Mitgliederversammlung. Nachdem in 2014 der ehrenamtlich gef\u00fchrte Weltladen mit hohem pers\u00f6nlichen und finanziellen Aufwand umgestaltet worden war, verzeichnete man auch im Folgejahr ein [&hellip;]\n","protected":false},"author":2,"featured_media":0,"comment_status":"closed","ping_status":"closed","sticky":false,"template":"","format":"standard","meta":{"ngg_post_thumbnail":0,"footnotes":""},"categories":[3],"tags":[],"class_list":["post-18939","post","type-post","status-publish","format-standard","hentry","category-aktuelles-aus-der-region"],"_links":{"self":[{"href":"https:\/\/www.forum-soegel.de\/information\/wp-json\/wp\/v2\/posts\/18939","targetHints":{"allow":["GET"]}}],"collection":[{"href":"https:\/\/www.forum-soegel.de\/information\/wp-json\/wp\/v2\/posts"}],"about":[{"href":"https:\/\/www.forum-soegel.de\/information\/wp-json\/wp\/v2\/types\/post"}],"author":[{"embeddable":true,"href":"https:\/\/www.forum-soegel.de\/information\/wp-json\/wp\/v2\/users\/2"}],"replies":[{"embeddable":true,"href":"https:\/\/www.forum-soegel.de\/information\/wp-json\/wp\/v2\/comments?post=18939"}],"version-history":[{"count":5,"href":"https:\/\/www.forum-soegel.de\/information\/wp-json\/wp\/v2\/posts\/18939\/revisions"}],"predecessor-version":[{"id":18948,"href":"https:\/\/www.forum-soegel.de\/information\/wp-json\/wp\/v2\/posts\/18939\/revisions\/18948"}],"wp:attachment":[{"href":"https:\/\/www.forum-soegel.de\/information\/wp-json\/wp\/v2\/media?parent=18939"}],"wp:term":[{"taxonomy":"category","embeddable":true,"href":"https:\/\/www.forum-soegel.de\/information\/wp-json\/wp\/v2\/categories?post=18939"},{"taxonomy":"post_tag","embeddable":true,"href":"https:\/\/www.forum-soegel.de\/information\/wp-json\/wp\/v2\/tags?post=18939"}],"curies":[{"name":"wp","href":"https:\/\/api.w.org\/{rel}","templated":true}]}}