{"id":18935,"date":"2016-06-06T19:23:34","date_gmt":"2016-06-06T17:23:34","guid":{"rendered":"https:\/\/www.forum-soegel.de\/information\/?p=18935"},"modified":"2016-06-06T19:23:34","modified_gmt":"2016-06-06T17:23:34","slug":"sogel-startet-mit-weiterem-bauabschnitt-im-ortszentrum","status":"publish","type":"post","link":"https:\/\/www.forum-soegel.de\/information\/2016\/06\/sogel-startet-mit-weiterem-bauabschnitt-im-ortszentrum\/","title":{"rendered":"S\u00f6gel startet mit weiterem Bauabschnitt im Ortszentrum"},"content":{"rendered":"<p><a href=\"https:\/\/www.forum-soegel.de\/information\/wp-content\/uploads\/2016\/06\/S\u00f6gel-startet-mit-weiterem-Bauabschnitt-im-Ortszentrum1.jpg\"><img loading=\"lazy\" decoding=\"async\" class=\"alignleft size-medium wp-image-18937\" title=\"S\u00f6gel startet mit weiterem Bauabschnitt im Ortszentrum\" src=\"https:\/\/www.forum-soegel.de\/information\/wp-content\/uploads\/2016\/06\/S\u00f6gel-startet-mit-weiterem-Bauabschnitt-im-Ortszentrum1-300x168.jpg\" alt=\"\" width=\"300\" height=\"168\" srcset=\"https:\/\/www.forum-soegel.de\/information\/wp-content\/uploads\/2016\/06\/S\u00f6gel-startet-mit-weiterem-Bauabschnitt-im-Ortszentrum1-300x168.jpg 300w, https:\/\/www.forum-soegel.de\/information\/wp-content\/uploads\/2016\/06\/S\u00f6gel-startet-mit-weiterem-Bauabschnitt-im-Ortszentrum1.jpg 1024w\" sizes=\"auto, (max-width: 300px) 100vw, 300px\" \/><\/a>S\u00f6gel &#8211; Die Gemeinde S\u00f6gel startete am 9. Mai mit einem weiteren Bauabschnitt in der Ortsmitte. Gegenstand der Bauarbeiten ist die Neugestaltung der Verbindung vom ersten zum zweiten Marktplatz sowie der Bau einer Parkplatzanlage vor der Oldenburgischen Landesbank mit 41 Stellpl\u00e4tzen. Wie bisher soll der gesamte Bereich barrierefrei und mit 14 neuen B\u00e4umen gestaltet werden.<\/p>\n<p>Ab kommender Woche muss daf\u00fcr die Durchfahrt vom ersten Marktplatz zur Stra\u00dfe \u201eAm Markt\u201c bis voraussichtlich Mitte August gesperrt werden. Beginnen wird das ausf\u00fchrende Unternehmen Kleinhaus aus Papenburg mit dem Bau einer Regenwasserleitung, die auch bereits im Zuge der Neugestaltung Clemens-August-Stra\u00dfe und des ersten Marktplatzes verlegt wurde und der Entw\u00e4sserung des gesamten Ortszentrums dient.<\/p>\n<p>Schwer getan hat sich der Gemeinderat gleichwohl mit der F\u00e4llung einer von insgesamt sechs Kastanien an der Stra\u00dfe \u201eAm Markt\u201c vor der OLB. Vor dem Hintergrund der gewollten Barrierefreiheit, dem Ziel einer klaren Verkehrsf\u00fchrung f\u00fcr Fu\u00dfg\u00e4nger und Radfahrer sowie der Neuanpflanzung von 14 neuen B\u00e4umen votierte schlie\u00dflich eine deutliche Mehrheit der Ratsmitglieder f\u00fcr das F\u00e4llen dieses einen Baumes.<\/p>\n<p>Sechseinhalb von sieben Bauabschnitten sind nach Angaben von Gemeindedirektor G\u00fcnter Wigbers damit im Rahmen des seit 2010 laufenden St\u00e4dtebauf\u00f6rderprogramms im Sp\u00e4tsommer abgearbeitet. Noch bis Ende des Jahres beteilige sich der Bund mit einem Drittel an den Baukosten der Ortskerngestaltung in S\u00f6gel. \u201eMit dieser Bundesf\u00f6rderung haben wir richtig viel erreicht. Das letzte Projekt, n\u00e4mlich die Nachfolgenutzung des Kindergartengel\u00e4ndes und wesentlicher Teile des zweiten Marktplatzes werden nicht rechtzeitig fertig. Damit werden wir f\u00fcr diesen Abschnitt aus der Bundesf\u00f6rderung leider herausfallen. Dennoch haben alle die Hoffnung, dass wir mit dem Kirchenvorstand weiterhin konstruktive Gespr\u00e4che f\u00fchren und die Gestaltung des Ortszentrums \u2013 auch ohne Bundesf\u00f6rderung &#8211; gemeinsam gut vollenden.\u201c<\/p>\n<p>In Auftrag gegeben hat der Gemeinderat auch den Neubau der Stra\u00dfenbeleuchtung vom ersten Marktplatz auf dem zweiten Marktplatz einschlie\u00dflich Bepflanzung. Im Zuge der Bauma\u00dfnahme werden im Baustellenbereich auch neue Telekommunikations-, Wasser-, Strom- und Gasleitungen verlegt. Zugleich w\u00fcrden s\u00e4mtliche Versorgungsleitungen f\u00fcr die dort allj\u00e4hrlich stattfindende Mari\u00e4-Himmelfahrtskirmes neu verlegt. Die Auftragssumme f\u00fcr s\u00e4mtliche Tiefbauarbeiten, Stra\u00dfen- und Parkplatzbau sowie Stra\u00dfenbeleuchtung und Vegetationsarbeiten bezifferte Wigbers auf 336.000 Euro, die im Haushalt 2016 veranschlagt seien. Rund ein Drittel davon trage der Bund.<\/p>\n<p>Die Gemeinde S\u00f6gel bittet um Verst\u00e4ndnis f\u00fcr unvermeidbare Verkehrsbeeintr\u00e4chtigungen; die Erreichbarkeit des Gesch\u00e4ftshauses der OLB-Filiale und der dort ans\u00e4ssigen Gewerbetreibenden sei jederzeit gew\u00e4hrleistet. Planung und Bauleitung der Ma\u00dfnahmen liegen in der Verantwortung der Arbeitsgemeinschaft Knipper-Kleine-Kolhoff mit Sitz S\u00f6gel und Vechta. Diese Arbeitsgemeinschaft aus Architekten und Landschaftsarchitekten hatte 2010 den ersten Preis des st\u00e4dtebaulichen Wettbewerbs zur Neugestaltung des S\u00f6geler Ortszentrum gewonnen.<\/p>\n<p>Text: Gemeinde S\u00f6gel \/ Grafik: Knipper-Kleine-Kolhoff<\/p>\n<p>&nbsp;<\/p>\n<p>&nbsp;<\/p>\n","protected":false},"excerpt":{"rendered":"S\u00f6gel &#8211; Die Gemeinde S\u00f6gel startete am 9. Mai mit einem weiteren Bauabschnitt in der Ortsmitte. Gegenstand der Bauarbeiten ist die Neugestaltung der Verbindung vom ersten zum zweiten Marktplatz sowie der Bau einer Parkplatzanlage vor der Oldenburgischen Landesbank mit 41 Stellpl\u00e4tzen. Wie bisher soll der gesamte Bereich barrierefrei und mit 14 neuen B\u00e4umen gestaltet werden. [&hellip;]\n","protected":false},"author":2,"featured_media":0,"comment_status":"closed","ping_status":"closed","sticky":false,"template":"","format":"standard","meta":{"ngg_post_thumbnail":0,"footnotes":""},"categories":[3],"tags":[],"class_list":["post-18935","post","type-post","status-publish","format-standard","hentry","category-aktuelles-aus-der-region"],"_links":{"self":[{"href":"https:\/\/www.forum-soegel.de\/information\/wp-json\/wp\/v2\/posts\/18935","targetHints":{"allow":["GET"]}}],"collection":[{"href":"https:\/\/www.forum-soegel.de\/information\/wp-json\/wp\/v2\/posts"}],"about":[{"href":"https:\/\/www.forum-soegel.de\/information\/wp-json\/wp\/v2\/types\/post"}],"author":[{"embeddable":true,"href":"https:\/\/www.forum-soegel.de\/information\/wp-json\/wp\/v2\/users\/2"}],"replies":[{"embeddable":true,"href":"https:\/\/www.forum-soegel.de\/information\/wp-json\/wp\/v2\/comments?post=18935"}],"version-history":[{"count":1,"href":"https:\/\/www.forum-soegel.de\/information\/wp-json\/wp\/v2\/posts\/18935\/revisions"}],"predecessor-version":[{"id":18938,"href":"https:\/\/www.forum-soegel.de\/information\/wp-json\/wp\/v2\/posts\/18935\/revisions\/18938"}],"wp:attachment":[{"href":"https:\/\/www.forum-soegel.de\/information\/wp-json\/wp\/v2\/media?parent=18935"}],"wp:term":[{"taxonomy":"category","embeddable":true,"href":"https:\/\/www.forum-soegel.de\/information\/wp-json\/wp\/v2\/categories?post=18935"},{"taxonomy":"post_tag","embeddable":true,"href":"https:\/\/www.forum-soegel.de\/information\/wp-json\/wp\/v2\/tags?post=18935"}],"curies":[{"name":"wp","href":"https:\/\/api.w.org\/{rel}","templated":true}]}}