{"id":18931,"date":"2016-06-06T19:21:35","date_gmt":"2016-06-06T17:21:35","guid":{"rendered":"https:\/\/www.forum-soegel.de\/information\/?p=18931"},"modified":"2016-06-06T19:21:49","modified_gmt":"2016-06-06T17:21:49","slug":"sogel-marketing-gmbh-rustet-sich-fur-das-2-internationale-strasenmalerfestival","status":"publish","type":"post","link":"https:\/\/www.forum-soegel.de\/information\/2016\/06\/sogel-marketing-gmbh-rustet-sich-fur-das-2-internationale-strasenmalerfestival\/","title":{"rendered":"S\u00f6gel Marketing GmbH r\u00fcstet sich f\u00fcr das 2. Internationale Stra\u00dfenmalerfestival"},"content":{"rendered":"<p style=\"text-align: left;\" align=\"center\"><strong>Zeitgleich mit Kulinarischem Markt am 30. und 31. Juli \u2013 Publikumsmagnet<\/strong><\/p>\n<p>S\u00f6gel \u2013 \u201eWir werden im Sommer zum zweiten Mal Gastgeber eines Internationalen Stra\u00dfenmalerfestivals sein&#8220;, freuen sich die Initiatoren der S\u00f6gel Marketing GmbH \u00fcber ein Event, welches in dieser Art bisher einmalig im Landkreis Emsland und weiterer Umgebung ist. Stra\u00dfenk\u00fcnstler aus aller Welt werden mit Kreide Kunstwerke auf die Stra\u00dfe malen und sie dem Publikum und einer Jury pr\u00e4sentieren. Frederike Wouters vom \u201eFreddArt Streetpainting\u201c koordiniert das K\u00fcnstlerprogramm.<\/p>\n<p>Die Ausschreibungen f\u00fcr die Stra\u00dfenk\u00fcnstler laufen bereits, so Gemeindedirektor G\u00fcnter Wigbers. \u201eWir rechnen mit mehr als 20 Stra\u00dfenmalern aus sieben Nationen, die dann die neu gestaltete Clemens-August-Stra\u00dfe vom Amtsbrunnen bis hin zum alten Rathaus in eine gro\u00dfe Leinwand verwandeln werden.\u201c Ein besonderer H\u00f6hepunkt werden zwei \u00fcberdimensionale 3-D-Bilder sein, an welchem gleich mehrere K\u00fcnstler \u00fcber vier Tage arbeiten werden.<\/p>\n<p>Selbst aus \u00dcbersee werden K\u00fcnstler erwartet, verr\u00e4t Ingrid Cloppenburg von der Gemeinde S\u00f6gel. Hier sind Kontakte gekn\u00fcpft worden, die auf eine Kooperation mit dem \u201eBella Via Festival\u201c in Monterrey\/Mexiko hinauslaufen. Umrahmt werden soll das Festival mit zahlreichen Aktivit\u00e4ten. So werden f\u00fcr Kinder und Interessierte Stra\u00dfenmalworkshops angeboten, bei denen unter fachkundiger Leitung viele zus\u00e4tzliche Stra\u00dfenbilder entstehen werden. \u201eVerkn\u00fcpft wird das Festival erneut mit dem Kulinarischen Markt, der sich schon seit Jahren als Publikumsmagnet erweist. Zahlreiche St\u00e4nde der regionalen Gastronomie werden mit kulinarischen Hochgen\u00fcssen dem Festival das richtige Flair geben&#8220;, freuen sich die Initiatoren. Stra\u00dfenmusiker begleiten die beiden Festivaltage.<\/p>\n<p>Die StreetArt K\u00fcnstler unterteilen sich in drei Sparten: Kopisten\/Freie K\u00fcnstler und 3-D- K\u00fcnstler. In S\u00f6gel werden haupts\u00e4chlich 3-D- K\u00fcnstler erwartet, informiert Leica Ruhara, Gesch\u00e4ftsf\u00fchrerin der S\u00f6gel Marketing GmbH. Die 3-D-Malerei habe in den letzten Jahren v\u00f6llig neue Dimensionen angenommen.<\/p>\n<p>Das Faszinierende an den Bildern sei, dass sie t\u00e4uschend echt wirkten und sich gerade \u00fcber soziale Netzwerke wie ein Lauffeuer verbreiteten. G\u00e4ste haben w\u00e4hrend der gesamten Veranstaltung die M\u00f6glichkeit, den K\u00fcnstlern \u00fcber die Schulter zu schauen und bei der Entstehung der Kunstwerke von Anfang an dabei zu sein. Das Publikum hat Gelegenheit, die entstandenen Meisterwerke zu bewerten und einen Publikumspreis zu vergeben.<\/p>\n<p>Die Veranstaltung wird in Zusammenarbeit mit der S\u00f6gel Marketing GmbH, dem Jugendzentrum Alte Post und der Jugendbildungsst\u00e4tte Marstall Clemenswerth durchgef\u00fchrt. \u201eOhne Sponsoring der Wirtschaft allerdings w\u00e4re eine solch gro\u00dfe Veranstaltung nicht denkbar\u201c, sagte Gemeindedirektor Wigbers mit Blick auf die gro\u00dfz\u00fcgige Unterst\u00fctzung der S\u00f6geler Unternehmerschaft. Weitere Infos unter <a href=\"https:\/\/www.soegel.de\/\">www.soegel.de<\/a> und unter Facebook: \u201eInternational Streetartfestival S\u00f6gel\u201c.<\/p>\n<p>Text: Ingrid Cloppenburg Foto: Gemeinde S\u00f6gel<\/p>\n<p>&nbsp;<\/p>\n<div id=\"attachment_18932\" style=\"width: 235px\" class=\"wp-caption alignnone\"><a href=\"https:\/\/www.forum-soegel.de\/information\/wp-content\/uploads\/2016\/06\/S\u00f6gel-Marketing-GmbH-r\u00fcstet-sich-f\u00fcr-das-2.-Internationales-Stra\u00dfenmalerfestival.jpg\"><img loading=\"lazy\" decoding=\"async\" aria-describedby=\"caption-attachment-18932\" class=\"size-medium wp-image-18932\" title=\"S\u00f6gel Marketing GmbH r\u00fcstet sich f\u00fcr das 2. Internationales Stra\u00dfenmalerfestival\" src=\"https:\/\/www.forum-soegel.de\/information\/wp-content\/uploads\/2016\/06\/S\u00f6gel-Marketing-GmbH-r\u00fcstet-sich-f\u00fcr-das-2.-Internationales-Stra\u00dfenmalerfestival-225x300.jpg\" alt=\"\" width=\"225\" height=\"300\" srcset=\"https:\/\/www.forum-soegel.de\/information\/wp-content\/uploads\/2016\/06\/S\u00f6gel-Marketing-GmbH-r\u00fcstet-sich-f\u00fcr-das-2.-Internationales-Stra\u00dfenmalerfestival-225x300.jpg 225w, https:\/\/www.forum-soegel.de\/information\/wp-content\/uploads\/2016\/06\/S\u00f6gel-Marketing-GmbH-r\u00fcstet-sich-f\u00fcr-das-2.-Internationales-Stra\u00dfenmalerfestival.jpg 576w\" sizes=\"auto, (max-width: 225px) 100vw, 225px\" \/><\/a><p id=\"caption-attachment-18932\" class=\"wp-caption-text\">Das erste internationale Stra\u00dfenmalerfestival in S\u00f6gel fand vor zwei Jahren statt. Besonderes Interesse fanden dabei die dreidimensionalen Bilder.<\/p><\/div>\n","protected":false},"excerpt":{"rendered":"Zeitgleich mit Kulinarischem Markt am 30. und 31. Juli \u2013 Publikumsmagnet S\u00f6gel \u2013 \u201eWir werden im Sommer zum zweiten Mal Gastgeber eines Internationalen Stra\u00dfenmalerfestivals sein&#8220;, freuen sich die Initiatoren der S\u00f6gel Marketing GmbH \u00fcber ein Event, welches in dieser Art bisher einmalig im Landkreis Emsland und weiterer Umgebung ist. Stra\u00dfenk\u00fcnstler aus aller Welt werden mit [&hellip;]\n","protected":false},"author":2,"featured_media":0,"comment_status":"closed","ping_status":"closed","sticky":false,"template":"","format":"standard","meta":{"ngg_post_thumbnail":0,"footnotes":""},"categories":[3],"tags":[],"class_list":["post-18931","post","type-post","status-publish","format-standard","hentry","category-aktuelles-aus-der-region"],"_links":{"self":[{"href":"https:\/\/www.forum-soegel.de\/information\/wp-json\/wp\/v2\/posts\/18931","targetHints":{"allow":["GET"]}}],"collection":[{"href":"https:\/\/www.forum-soegel.de\/information\/wp-json\/wp\/v2\/posts"}],"about":[{"href":"https:\/\/www.forum-soegel.de\/information\/wp-json\/wp\/v2\/types\/post"}],"author":[{"embeddable":true,"href":"https:\/\/www.forum-soegel.de\/information\/wp-json\/wp\/v2\/users\/2"}],"replies":[{"embeddable":true,"href":"https:\/\/www.forum-soegel.de\/information\/wp-json\/wp\/v2\/comments?post=18931"}],"version-history":[{"count":2,"href":"https:\/\/www.forum-soegel.de\/information\/wp-json\/wp\/v2\/posts\/18931\/revisions"}],"predecessor-version":[{"id":18934,"href":"https:\/\/www.forum-soegel.de\/information\/wp-json\/wp\/v2\/posts\/18931\/revisions\/18934"}],"wp:attachment":[{"href":"https:\/\/www.forum-soegel.de\/information\/wp-json\/wp\/v2\/media?parent=18931"}],"wp:term":[{"taxonomy":"category","embeddable":true,"href":"https:\/\/www.forum-soegel.de\/information\/wp-json\/wp\/v2\/categories?post=18931"},{"taxonomy":"post_tag","embeddable":true,"href":"https:\/\/www.forum-soegel.de\/information\/wp-json\/wp\/v2\/tags?post=18931"}],"curies":[{"name":"wp","href":"https:\/\/api.w.org\/{rel}","templated":true}]}}