{"id":18928,"date":"2016-06-06T19:20:04","date_gmt":"2016-06-06T17:20:04","guid":{"rendered":"https:\/\/www.forum-soegel.de\/information\/?p=18928"},"modified":"2016-06-06T19:20:04","modified_gmt":"2016-06-06T17:20:04","slug":"neuwahlen-beim-cdu-ortsverband-spahnharrenstatte","status":"publish","type":"post","link":"https:\/\/www.forum-soegel.de\/information\/2016\/06\/neuwahlen-beim-cdu-ortsverband-spahnharrenstatte\/","title":{"rendered":"Neuwahlen beim CDU-Ortsverband Spahnharrenst\u00e4tte"},"content":{"rendered":"<p>Spahnharrenst\u00e4tte &#8211; In einer z\u00fcgigen Sitzung fanden die Wahlen des CDU-Ortsverbandes Spahnharrenst\u00e4tte statt. \u201eOrtsrelevante Themen stehen heute Abend nicht auf der Agenda, da wir erst k\u00fcrzlich in einer B\u00fcrgerversammlung alle Themen besprochen haben\u201c, erkl\u00e4rte Reinhard Timpker die \u00fcbersichtliche Tagesordnung.<\/p>\n<p>Die Neuwahlen ergaben folgende \u00c4nderungen im Vorstand: Markus Freese wurde als Vorsitzender gew\u00e4hlt. Er \u00fcbernimmt dieses Amt von Reinhard Timpker, der f\u00fcr eine Wiederwahl nicht zur Verf\u00fcgung stand. Wilfried Meyer bleibt weiterhin als Stellvertreter im Amt. Als Beisitzerin fungiert nach wie vor Rita Tigelaar. Ihr zur Seite stehen neu im Vorstand Georg Heermann-T\u00f6bbenotke und Ralf Korte. Andreas Konen \u00fcbernimmt aus den H\u00e4nden von Hans Wolken das Amt des Schriftf\u00fchrers. Einig ist sich der Vorstand, dass er mit einer starken Mannschaft f\u00fcr die Kommunalwahlen im September 2016 antreten will.<\/p>\n<p>Text\/Foto: WR<\/p>\n<div id=\"attachment_18929\" style=\"width: 310px\" class=\"wp-caption alignnone\"><a href=\"https:\/\/www.forum-soegel.de\/information\/wp-content\/uploads\/2016\/06\/Neuwahlen-beim-CDU-Ortsverband-Spahnharrenst\u00e4tte.jpg\"><img loading=\"lazy\" decoding=\"async\" aria-describedby=\"caption-attachment-18929\" class=\"size-medium wp-image-18929\" title=\"Neuwahlen beim CDU-Ortsverband Spahnharrenst\u00e4tte\" src=\"https:\/\/www.forum-soegel.de\/information\/wp-content\/uploads\/2016\/06\/Neuwahlen-beim-CDU-Ortsverband-Spahnharrenst\u00e4tte-300x181.jpg\" alt=\"\" width=\"300\" height=\"181\" srcset=\"https:\/\/www.forum-soegel.de\/information\/wp-content\/uploads\/2016\/06\/Neuwahlen-beim-CDU-Ortsverband-Spahnharrenst\u00e4tte-300x181.jpg 300w, https:\/\/www.forum-soegel.de\/information\/wp-content\/uploads\/2016\/06\/Neuwahlen-beim-CDU-Ortsverband-Spahnharrenst\u00e4tte.jpg 1024w\" sizes=\"auto, (max-width: 300px) 100vw, 300px\" \/><\/a><p id=\"caption-attachment-18929\" class=\"wp-caption-text\">v.l.n.r.: Reinhard Timpker, Rita Tigelaar, Ralf Korte, Wilfried Meyer, Markus Freese, Andreas Konen, Georg Heermann-T\u00f6bbenotke und Hans Wolken.<\/p><\/div>\n","protected":false},"excerpt":{"rendered":"Spahnharrenst\u00e4tte &#8211; In einer z\u00fcgigen Sitzung fanden die Wahlen des CDU-Ortsverbandes Spahnharrenst\u00e4tte statt. \u201eOrtsrelevante Themen stehen heute Abend nicht auf der Agenda, da wir erst k\u00fcrzlich in einer B\u00fcrgerversammlung alle Themen besprochen haben\u201c, erkl\u00e4rte Reinhard Timpker die \u00fcbersichtliche Tagesordnung. Die Neuwahlen ergaben folgende \u00c4nderungen im Vorstand: Markus Freese wurde als Vorsitzender gew\u00e4hlt. Er \u00fcbernimmt dieses [&hellip;]\n","protected":false},"author":2,"featured_media":0,"comment_status":"closed","ping_status":"closed","sticky":false,"template":"","format":"standard","meta":{"ngg_post_thumbnail":0,"footnotes":""},"categories":[3],"tags":[],"class_list":["post-18928","post","type-post","status-publish","format-standard","hentry","category-aktuelles-aus-der-region"],"_links":{"self":[{"href":"https:\/\/www.forum-soegel.de\/information\/wp-json\/wp\/v2\/posts\/18928","targetHints":{"allow":["GET"]}}],"collection":[{"href":"https:\/\/www.forum-soegel.de\/information\/wp-json\/wp\/v2\/posts"}],"about":[{"href":"https:\/\/www.forum-soegel.de\/information\/wp-json\/wp\/v2\/types\/post"}],"author":[{"embeddable":true,"href":"https:\/\/www.forum-soegel.de\/information\/wp-json\/wp\/v2\/users\/2"}],"replies":[{"embeddable":true,"href":"https:\/\/www.forum-soegel.de\/information\/wp-json\/wp\/v2\/comments?post=18928"}],"version-history":[{"count":1,"href":"https:\/\/www.forum-soegel.de\/information\/wp-json\/wp\/v2\/posts\/18928\/revisions"}],"predecessor-version":[{"id":18930,"href":"https:\/\/www.forum-soegel.de\/information\/wp-json\/wp\/v2\/posts\/18928\/revisions\/18930"}],"wp:attachment":[{"href":"https:\/\/www.forum-soegel.de\/information\/wp-json\/wp\/v2\/media?parent=18928"}],"wp:term":[{"taxonomy":"category","embeddable":true,"href":"https:\/\/www.forum-soegel.de\/information\/wp-json\/wp\/v2\/categories?post=18928"},{"taxonomy":"post_tag","embeddable":true,"href":"https:\/\/www.forum-soegel.de\/information\/wp-json\/wp\/v2\/tags?post=18928"}],"curies":[{"name":"wp","href":"https:\/\/api.w.org\/{rel}","templated":true}]}}