{"id":18926,"date":"2016-06-06T19:18:25","date_gmt":"2016-06-06T17:18:25","guid":{"rendered":"https:\/\/www.forum-soegel.de\/information\/?p=18926"},"modified":"2016-06-06T19:18:25","modified_gmt":"2016-06-06T17:18:25","slug":"neuer-busfahrplan-fur-die-strecke-%e2%80%9esogel-meppen%e2%80%9c","status":"publish","type":"post","link":"https:\/\/www.forum-soegel.de\/information\/2016\/06\/neuer-busfahrplan-fur-die-strecke-%e2%80%9esogel-meppen%e2%80%9c\/","title":{"rendered":"Neuer Busfahrplan f\u00fcr die Strecke \u201eS\u00f6gel-Meppen\u201c"},"content":{"rendered":"<p>S\u00f6gel &#8211; Ab Montag, dem 18.04.2016, gelten neue Fahrpl\u00e4ne f\u00fcr den Linienverkehr \u201eS\u00f6gel-Meppen\u201c. Die Leistungen wurden ausgeweitet. Vormittags f\u00e4hrt k\u00fcnftig ein Bus im Stundentakt zwischen S\u00f6gel und Meppen. Weitere Infos unter www.emslandbus.de<\/p>\n<p>Text: Gemeinde S\u00f6gel<\/p>\n","protected":false},"excerpt":{"rendered":"S\u00f6gel &#8211; Ab Montag, dem 18.04.2016, gelten neue Fahrpl\u00e4ne f\u00fcr den Linienverkehr \u201eS\u00f6gel-Meppen\u201c. Die Leistungen wurden ausgeweitet. Vormittags f\u00e4hrt k\u00fcnftig ein Bus im Stundentakt zwischen S\u00f6gel und Meppen. Weitere Infos unter www.emslandbus.de Text: Gemeinde S\u00f6gel\n","protected":false},"author":2,"featured_media":0,"comment_status":"closed","ping_status":"closed","sticky":false,"template":"","format":"standard","meta":{"ngg_post_thumbnail":0,"footnotes":""},"categories":[3],"tags":[],"class_list":["post-18926","post","type-post","status-publish","format-standard","hentry","category-aktuelles-aus-der-region"],"_links":{"self":[{"href":"https:\/\/www.forum-soegel.de\/information\/wp-json\/wp\/v2\/posts\/18926","targetHints":{"allow":["GET"]}}],"collection":[{"href":"https:\/\/www.forum-soegel.de\/information\/wp-json\/wp\/v2\/posts"}],"about":[{"href":"https:\/\/www.forum-soegel.de\/information\/wp-json\/wp\/v2\/types\/post"}],"author":[{"embeddable":true,"href":"https:\/\/www.forum-soegel.de\/information\/wp-json\/wp\/v2\/users\/2"}],"replies":[{"embeddable":true,"href":"https:\/\/www.forum-soegel.de\/information\/wp-json\/wp\/v2\/comments?post=18926"}],"version-history":[{"count":1,"href":"https:\/\/www.forum-soegel.de\/information\/wp-json\/wp\/v2\/posts\/18926\/revisions"}],"predecessor-version":[{"id":18927,"href":"https:\/\/www.forum-soegel.de\/information\/wp-json\/wp\/v2\/posts\/18926\/revisions\/18927"}],"wp:attachment":[{"href":"https:\/\/www.forum-soegel.de\/information\/wp-json\/wp\/v2\/media?parent=18926"}],"wp:term":[{"taxonomy":"category","embeddable":true,"href":"https:\/\/www.forum-soegel.de\/information\/wp-json\/wp\/v2\/categories?post=18926"},{"taxonomy":"post_tag","embeddable":true,"href":"https:\/\/www.forum-soegel.de\/information\/wp-json\/wp\/v2\/tags?post=18926"}],"curies":[{"name":"wp","href":"https:\/\/api.w.org\/{rel}","templated":true}]}}