{"id":18922,"date":"2016-06-06T19:17:33","date_gmt":"2016-06-06T17:17:33","guid":{"rendered":"https:\/\/www.forum-soegel.de\/information\/?p=18922"},"modified":"2016-06-06T19:17:45","modified_gmt":"2016-06-06T17:17:45","slug":"neue-kinderarztin-in-sogel","status":"publish","type":"post","link":"https:\/\/www.forum-soegel.de\/information\/2016\/06\/neue-kinderarztin-in-sogel\/","title":{"rendered":"Neue Kinder\u00e4rztin in S\u00f6gel"},"content":{"rendered":"<p>S\u00f6gel &#8211; Samtgemeinde und Gemeinde begr\u00fc\u00dfen Fach\u00e4rztin f\u00fcr Kinder- und Jugendmedizin Irene Moor<\/p>\n<p>Seit dem 1. April ist Irene Moor als Fach\u00e4rztin f\u00fcr Kinder- und Jugendmedizin im medizinischen Versorgungszentrum (MVZ) an der M\u00fchlenstra\u00dfe in S\u00f6gel. Samtgemeindeb\u00fcrgermeister G\u00fcnter Wigbers und B\u00fcrgermeisterin Irmgard Welling begr\u00fc\u00dften Irene Moor und stellten die Wichtigkeit einer Kinder\u00e4rztin noch einmal in den Vordergrund: \u201eDie \u00e4rztliche Versorgung ist essentiell f\u00fcr unsere Samtgemeinde &#8211; gerade f\u00fcr werdende Eltern ist das Wissen um eine Kinder\u00e4rztin enorm wichtig\u201c, so G\u00fcnter Wigbers.<\/p>\n<p>Nach mehrmonatigem Leerstand bietet die Praxis nun wieder Leistungen im medizinischen Bereich von der Geburt bis zum 18. Lebensjahr. Alle kindlichen Erkrankungen sowie die Vorsorgeuntersuchungen U2 \u2013 U11 und Jugenduntersuchungen J1 und J2 k\u00f6nnen direkt vor Ort vorgenommen werden. Die kleinen Patienten und ihre Eltern finden somit wieder Hilfe in S\u00f6gel.<\/p>\n<p>Auch die Neugeborenen des H\u00fcmmling Hospitals werden in erster Linie von der niedergelassenen Kinder\u00e4rztin betreut: \u201eDie kinder\u00e4rztliche Betreuung der Neugeborenen einschlie\u00dflich der Durchf\u00fchrung der U2- Vorsorgeuntersuchungen durch Frau Moor kann jetzt noch umfangreicher gew\u00e4hrleistet werden, da sie bei Bedarf an jedem Praxistag kurzfristig in der Behandlung und \u00dcberwachung der S\u00e4uglinge aus dem station\u00e4ren Bereich eingebunden werden kann\u201c, begr\u00fc\u00dft Nadine Burrichter, Leitung Krankenhausbetrieb, die Praxisarbeit.<\/p>\n<p>Moor sowie ihr Team, bestehend aus sieben engagierten und qualifizierten Mitarbeiterinnen, freuen sich \u00fcber den gelungenen Start. \u201eDie Eltern freut es, dass nun direkt vor Ort wieder eine Kinder- und Jugend\u00e4rztin ist, die die Erkrankungen ihrer Kleinen behandelt und ein offenes Ohr f\u00fcr Probleme hat\u201c, so Irene Moor.<\/p>\n<p>Die Kinder- und Jugendpraxis des MVZ geh\u00f6rt zum H\u00fcmmling Hospital S\u00f6gel und befindet sich an der M\u00fchlenstra\u00dfe 10. Telefonisch erreichen Sie das MVZ t\u00e4glich von 8.00 Uhr bis 12.00 Uhr und von 13.30 Uhr bis 17.00 Uhr, au\u00dfer Mittwochs- und Freitagsnachmittag unter der Telefonnummer: 05952 9693310.<\/p>\n<p>Text: Ingrid Cloppenburg \/ Foto: H\u00fcmmling Hospital S\u00f6gel.<\/p>\n<div id=\"attachment_18923\" style=\"width: 310px\" class=\"wp-caption alignnone\"><a href=\"https:\/\/www.forum-soegel.de\/information\/wp-content\/uploads\/2016\/06\/Neue-Kinder\u00e4rztin-in-S\u00f6gel.jpg\"><img loading=\"lazy\" decoding=\"async\" aria-describedby=\"caption-attachment-18923\" class=\"size-medium wp-image-18923\" title=\"Neue Kinder\u00e4rztin in S\u00f6gel\" src=\"https:\/\/www.forum-soegel.de\/information\/wp-content\/uploads\/2016\/06\/Neue-Kinder\u00e4rztin-in-S\u00f6gel-300x215.jpg\" alt=\"\" width=\"300\" height=\"215\" srcset=\"https:\/\/www.forum-soegel.de\/information\/wp-content\/uploads\/2016\/06\/Neue-Kinder\u00e4rztin-in-S\u00f6gel-300x215.jpg 300w, https:\/\/www.forum-soegel.de\/information\/wp-content\/uploads\/2016\/06\/Neue-Kinder\u00e4rztin-in-S\u00f6gel.jpg 1024w\" sizes=\"auto, (max-width: 300px) 100vw, 300px\" \/><\/a><p id=\"caption-attachment-18923\" class=\"wp-caption-text\">Die frisch gebackenen Eltern mit ihrer kleinen Sophie freuen sich \u00fcber die neue Kinder\u00e4rztin vor Ort. (v.l.): Britta Pohlmann, Astrid Schweer, Nadine Burrichter, Dres. Ben van der Weide, Irene Moor, Edeltraud Olthaus, Irmgard Welling sowie G\u00fcnter Wigbers.<\/p><\/div>\n","protected":false},"excerpt":{"rendered":"S\u00f6gel &#8211; Samtgemeinde und Gemeinde begr\u00fc\u00dfen Fach\u00e4rztin f\u00fcr Kinder- und Jugendmedizin Irene Moor Seit dem 1. April ist Irene Moor als Fach\u00e4rztin f\u00fcr Kinder- und Jugendmedizin im medizinischen Versorgungszentrum (MVZ) an der M\u00fchlenstra\u00dfe in S\u00f6gel. Samtgemeindeb\u00fcrgermeister G\u00fcnter Wigbers und B\u00fcrgermeisterin Irmgard Welling begr\u00fc\u00dften Irene Moor und stellten die Wichtigkeit einer Kinder\u00e4rztin noch einmal in den [&hellip;]\n","protected":false},"author":2,"featured_media":0,"comment_status":"closed","ping_status":"closed","sticky":false,"template":"","format":"standard","meta":{"ngg_post_thumbnail":0,"footnotes":""},"categories":[3],"tags":[],"class_list":["post-18922","post","type-post","status-publish","format-standard","hentry","category-aktuelles-aus-der-region"],"_links":{"self":[{"href":"https:\/\/www.forum-soegel.de\/information\/wp-json\/wp\/v2\/posts\/18922","targetHints":{"allow":["GET"]}}],"collection":[{"href":"https:\/\/www.forum-soegel.de\/information\/wp-json\/wp\/v2\/posts"}],"about":[{"href":"https:\/\/www.forum-soegel.de\/information\/wp-json\/wp\/v2\/types\/post"}],"author":[{"embeddable":true,"href":"https:\/\/www.forum-soegel.de\/information\/wp-json\/wp\/v2\/users\/2"}],"replies":[{"embeddable":true,"href":"https:\/\/www.forum-soegel.de\/information\/wp-json\/wp\/v2\/comments?post=18922"}],"version-history":[{"count":2,"href":"https:\/\/www.forum-soegel.de\/information\/wp-json\/wp\/v2\/posts\/18922\/revisions"}],"predecessor-version":[{"id":18925,"href":"https:\/\/www.forum-soegel.de\/information\/wp-json\/wp\/v2\/posts\/18922\/revisions\/18925"}],"wp:attachment":[{"href":"https:\/\/www.forum-soegel.de\/information\/wp-json\/wp\/v2\/media?parent=18922"}],"wp:term":[{"taxonomy":"category","embeddable":true,"href":"https:\/\/www.forum-soegel.de\/information\/wp-json\/wp\/v2\/categories?post=18922"},{"taxonomy":"post_tag","embeddable":true,"href":"https:\/\/www.forum-soegel.de\/information\/wp-json\/wp\/v2\/tags?post=18922"}],"curies":[{"name":"wp","href":"https:\/\/api.w.org\/{rel}","templated":true}]}}