{"id":18920,"date":"2016-06-06T19:16:16","date_gmt":"2016-06-06T17:16:16","guid":{"rendered":"https:\/\/www.forum-soegel.de\/information\/?p=18920"},"modified":"2016-06-06T19:16:16","modified_gmt":"2016-06-06T17:16:16","slug":"lust-auf-besuch-2","status":"publish","type":"post","link":"https:\/\/www.forum-soegel.de\/information\/2016\/06\/lust-auf-besuch-2\/","title":{"rendered":"Lust auf Besuch?"},"content":{"rendered":"<p style=\"text-align: left;\" align=\"center\"><strong>Lateinamerikanische Sch\u00fcler suchen Gastfamilien!<\/strong><\/p>\n<p style=\"text-align: left;\">S\u00f6gel &#8211; Die Sch\u00fcler der Deutschen Schule Cali (Kolumbien) wollen gerne einmal deutsche Weihnachten erleben und den Verlauf von Jahreszeiten kennenlernen. Dazu sucht das Humboldteum deutsche Familien, die offen sind, einen lateinamerikanischen Jugendlichen (15 bis 17 Jahre alt) aus dem Land des ewigen Fr\u00fchlings als \u201eKind auf Zeit\u201c aufzunehmen.<\/p>\n<p align=\"left\">Spannend ist es, mit und durch das \u201eKind auf Zeit\u201c den eigenen Alltag neu zu erleben und gleichzeitig ein Fenster zu Shakiras fantastischem Heimatland aufzusto\u00dfen. Wer erinnert sich nicht an ihren Fu\u00dfball-WM-Hit \u201eWaka Waka\u201c? Erfahren Sie aus erster Hand, dass das Bild, das wir von Kolumbien haben, nichts mit der Wirklichkeit dieses sanften Landes zu tun hat. Die kolumbianischen Jugendlichen lernen schon mehrere Jahre Deutsch, so dass eine Grundkommunikation gew\u00e4hrleistet ist. Ihr potentielles \u201eKind auf Zeit\u201c ist schulpflichtig und soll die n\u00e4chstliegende Schule zu Ihrer Wohnung besuchen.<\/p>\n<p align=\"left\">Der Aufenthalt bei Ihnen ist gedacht von Samstag, 10. September 2016 bis Sonntag,\u00a0 25. Februar 2017. Wenn Ihre Kinder Kolumbien entdecken m\u00f6chten, laden wir ein, an einem Gegenbesuch unter Verwendung der Herbstferien \u00fcber den Oktober 2017 teilzunehmen.<\/p>\n<p align=\"left\">F\u00fcr Fragen und weitergehende Infos kontaktieren Sie bitte die internationale Servicestelle f\u00fcr Auslandsschulen: Humboldteum \u2013 Verein f\u00fcr Bildung und Kulturdialog, K\u00f6nigstra\u00dfe 20, 70173 Stuttgart, Tel. 0711-22 21 400, Fax 0711-22 21 402, e-mail: ute.borger@humboldteum.de, <a href=\"https:\/\/www.humboldteum.de\/\">www.humboldteum.de<\/a><\/p>\n<p align=\"left\">Text: Ingrid Cloppenburg<\/p>\n<p align=\"left\">\n","protected":false},"excerpt":{"rendered":"Lateinamerikanische Sch\u00fcler suchen Gastfamilien! S\u00f6gel &#8211; Die Sch\u00fcler der Deutschen Schule Cali (Kolumbien) wollen gerne einmal deutsche Weihnachten erleben und den Verlauf von Jahreszeiten kennenlernen. Dazu sucht das Humboldteum deutsche Familien, die offen sind, einen lateinamerikanischen Jugendlichen (15 bis 17 Jahre alt) aus dem Land des ewigen Fr\u00fchlings als \u201eKind auf Zeit\u201c aufzunehmen. Spannend ist [&hellip;]\n","protected":false},"author":2,"featured_media":0,"comment_status":"closed","ping_status":"closed","sticky":false,"template":"","format":"standard","meta":{"ngg_post_thumbnail":0,"footnotes":""},"categories":[3],"tags":[],"class_list":["post-18920","post","type-post","status-publish","format-standard","hentry","category-aktuelles-aus-der-region"],"_links":{"self":[{"href":"https:\/\/www.forum-soegel.de\/information\/wp-json\/wp\/v2\/posts\/18920","targetHints":{"allow":["GET"]}}],"collection":[{"href":"https:\/\/www.forum-soegel.de\/information\/wp-json\/wp\/v2\/posts"}],"about":[{"href":"https:\/\/www.forum-soegel.de\/information\/wp-json\/wp\/v2\/types\/post"}],"author":[{"embeddable":true,"href":"https:\/\/www.forum-soegel.de\/information\/wp-json\/wp\/v2\/users\/2"}],"replies":[{"embeddable":true,"href":"https:\/\/www.forum-soegel.de\/information\/wp-json\/wp\/v2\/comments?post=18920"}],"version-history":[{"count":1,"href":"https:\/\/www.forum-soegel.de\/information\/wp-json\/wp\/v2\/posts\/18920\/revisions"}],"predecessor-version":[{"id":18921,"href":"https:\/\/www.forum-soegel.de\/information\/wp-json\/wp\/v2\/posts\/18920\/revisions\/18921"}],"wp:attachment":[{"href":"https:\/\/www.forum-soegel.de\/information\/wp-json\/wp\/v2\/media?parent=18920"}],"wp:term":[{"taxonomy":"category","embeddable":true,"href":"https:\/\/www.forum-soegel.de\/information\/wp-json\/wp\/v2\/categories?post=18920"},{"taxonomy":"post_tag","embeddable":true,"href":"https:\/\/www.forum-soegel.de\/information\/wp-json\/wp\/v2\/tags?post=18920"}],"curies":[{"name":"wp","href":"https:\/\/api.w.org\/{rel}","templated":true}]}}