{"id":18917,"date":"2016-06-06T19:15:28","date_gmt":"2016-06-06T17:15:28","guid":{"rendered":"https:\/\/www.forum-soegel.de\/information\/?p=18917"},"modified":"2016-06-06T19:15:28","modified_gmt":"2016-06-06T17:15:28","slug":"justin-schallock-%e2%80%9efreude-am-fusball-treibt-mich-an%e2%80%9c","status":"publish","type":"post","link":"https:\/\/www.forum-soegel.de\/information\/2016\/06\/justin-schallock-%e2%80%9efreude-am-fusball-treibt-mich-an%e2%80%9c\/","title":{"rendered":"Justin Schallock: \u201eFreude am Fu\u00dfball treibt mich an\u201c"},"content":{"rendered":"<p align=\"left\">S\u00f6gel &#8211; Von den Minikickern des SV Sigiltra S\u00f6gel \u00fcber die Niedersachsenauswahl in das Nachwuchsleistungszentrum des SC Freiburg.<\/p>\n<p align=\"left\">Mit einem Schreiben des damaligen Trainers der S\u00f6geler Minikicker, Arnold Welling, in der Saison 2006\/2007 fing das Fu\u00dfballspielen f\u00fcr Justin Schallock an. Welling lud zum Trainingsbeginn seiner neuen Mannschaft ein. Justins erstes Training fand somit am 01.09.2006 an. \u201eEigentlich sollte Justin sich nur etwas die Zeit vertreiben und sich sportlich bet\u00e4tigen. Dass er zum Fu\u00dfball kam, war eher zuf\u00e4llig. Es h\u00e4tte auch jede andere Sportart sein k\u00f6nnen\u201c, berichtet sein Vater Thorsten Schallock. Mittlerweile hat Justin es in die Niedersachsenauswahl geschafft.<\/p>\n<p align=\"left\">F\u00fcr Welling waren die Minikicker mit den Spielern des Jahrgangs 2001 eine Ausnahmemannschaft. So spielte die Mannschaft bereits in der R\u00fcckserie bei der F3-Jugend mit. Die G-Jugend wurde dabei \u00fcbersprungen. Im Spieljahr 2009\/2010 hat Justin dann mit der F-Jugend-Mannschaft des SV Sigiltra S\u00f6gel alles gewonnen, was es zu gewinnen gab. Nach der gewonnenen Hallenkreismeisterschaft wurden sie auch Emslandmeister auf dem Feld und damit beste F-Jugend des Landkreises Emsland. \u201eWir wussten gar nicht, wie es ist, ein Spiel zu verlieren\u201c, erinnert sich Justin an diese Zeit. Auch in der E- und D-Jugend von Sigiltra setzte sich die Erfolgsserie unter Arnold Welling und den neuen Trainern J\u00fcrgen Rolfes und Stefan Grote fort. W\u00e4hrend seiner E-Jugend-Zeit fanden die Sichtungen f\u00fcr die Kreisauswahlmannschaft Emsland-Nord statt. Vom SV Sigiltra S\u00f6gel schafften mit Janik Rolfes, Michael Welling, Janis Grote und Justin Schallock erstmals gleich 4 junge und talentierte Fu\u00dfballer eines Jahrgangs den Sprung in die Kreisauswahl.<\/p>\n<p align=\"left\">Zuvor waren hier Fu\u00dfballer des SV Sigiltra S\u00f6gel kaum vertreten. Nach zwei Jahren in der Kreisauswahl wechselte er dann mit Janik Rolfes und Janis Grote in den DFB-St\u00fctzpunkt Emsland-Nord, der w\u00f6chentlich in S\u00f6gel trainiert. Jetzt wurde auch mal ein Fu\u00dfballspiel verloren. \u201eDas war erst gew\u00f6hnungsbed\u00fcrftig\u201c, flachst Justin. Er habe es sportlich genommen. Im Jahr 2014 hat sich dann der DFB-St\u00fctzpunkt Emsland-Nord unter dem St\u00fctzpunkttrainer Jupp Specken f\u00fcr den Avacon-Cup in Barsinghausen qualifizieren k\u00f6nnen. Hier trat die Mannschaft gegen Mannschaften aus den Talentschmieden von Hannover 96, Eintracht Braunschweig oder VFL Wolfsburg an.<\/p>\n<p align=\"left\">Im Endspiel konnten die Spieler des DFB-St\u00fctzpunktes Emsland-Nord gegen den VFL Wolfsburg gewinnen und den Avacon-Cup ins Emsland holen. Bei den Qualifikations- und Sichtungsturnieren fiel Justin auch den anwesenden Trainern des Nieders\u00e4chsischen Fu\u00dfballverbandes auf, und er bekam eine Einladung zum Sichtungstraining der Niedersachsenauswahl. Das bedeutete f\u00fcr ihn, jeweils ein Wochenende im Monat zum Auswahltraining nach Barsinghausen zu fahren. Seine Eltern haben ihn dabei immer unterst\u00fctzt. Sie \u00fcbernahmen die Fahrdienste und waren immer mit Herzblut am Spielfeldrand. Ihnen war dabei keine Anstrengung zu gro\u00df, so die Eltern Nicole und Thorsten Schallock.<\/p>\n<p align=\"left\">Nach 8 Jahren beim SV Sigiltra S\u00f6gel wechselte Justin dann im Sommer 2014 in das Jugendleistungszentrum des SV Meppen, wo er weiter gef\u00f6rdert und in der U- 15 in der Landesliga spielt. Die Eltern achteten darauf, dass Justin stets gef\u00f6rdert, aber nicht \u00fcberfordert wurde. \u201eJustin geht in die 9. Klasse des H\u00fcmmling-Gymnasiums in S\u00f6gel, der Unterricht ist ebenso wichtig!\u201c, zeigten die Eltern die Schwerpunkte ihres Sohnes auf.<\/p>\n<p align=\"left\">Nun bekam Justin das Angebot, zur Fu\u00dfballschule des SC Freiburg zu wechseln. \u201eDas ist ein Nachwuchsleistungszentrum mit Sportinternat. Wir haben lange zu Hause dar\u00fcber nachgedacht, ob das der richtige Weg f\u00fcr Justin ist und haben uns dann gemeinsam daf\u00fcr entschieden!\u201c Mit dieser Entscheidung nimmt die Familie in Kauf, dass Justin als 15-j\u00e4hriges Fu\u00dfballtalent im Sommer nach Freiburg zieht und nur w\u00e4hrend der Ferien zu Hause sein wird. Justin wird in Freiburg neben der Schulbildung einer besonderen sportlichen F\u00f6rderung unterzogen. T\u00e4gliches Training, Technik- und Krafttraining, aber auch Sporttheorie sind dann f\u00fcr ihn an der Tagesordnung. Der SC Freiburg war der erste deutsche Proficlub, der sich Ende der 1990er Jahre explizit als Ausbildungsverein positionierte.<\/p>\n<p align=\"left\">Die hochqualifizierte und nachhaltige Talentf\u00f6rderung ist seitdem ein Eckpfeiler des strategischen Konzepts. Neben der erstklassigen Ausbildung in der Freiburger Fu\u00dfballschule z\u00e4hlt die au\u00dfergew\u00f6hnlich hohe Durchl\u00e4ssigkeit vom Nachwuchs- in den Profibereich zu den besonderen Qualit\u00e4tsmerkmalen dieses Konzeptes. \u201eIch habe ein gutes Gef\u00fchl dabei\u201c, freut sich Justin auf seinen k\u00fcnftigen Aufenthaltsort. Die Freiburger Fu\u00dfballschule hat einen hervorragenden Ruf. Er wolle sich greifbare Ziele setzen, einfach seine Freude am Fu\u00dfball genie\u00dfen und die M\u00f6glichkeit, die ihm der SC Freiburg bietet, nutzen, um auf hohem Niveau seinem Lieblingssport nachzugehen. \u201eVielleicht klappt es ja, dass ich mal an einem Probetraining einer Jugend-Nationalmannschaft teilnehmen darf\u201c, f\u00fcgt er schmunzelnd hinzu.<\/p>\n<p align=\"left\">Text: Ingrid Cloppenburg \/<\/p>\n<p>Foto: Lynne Kugland<\/p>\n<p><a href=\"https:\/\/www.forum-soegel.de\/information\/wp-content\/uploads\/2016\/06\/Justin-Schallock-Freude-am-Fu\u00dfball-treibt-mich-an.jpg\"><img loading=\"lazy\" decoding=\"async\" class=\"alignnone size-medium wp-image-18918\" title=\"Justin Schallock Freude am Fu\u00dfball treibt mich an\" src=\"https:\/\/www.forum-soegel.de\/information\/wp-content\/uploads\/2016\/06\/Justin-Schallock-Freude-am-Fu\u00dfball-treibt-mich-an-300x168.jpg\" alt=\"\" width=\"300\" height=\"168\" srcset=\"https:\/\/www.forum-soegel.de\/information\/wp-content\/uploads\/2016\/06\/Justin-Schallock-Freude-am-Fu\u00dfball-treibt-mich-an-300x168.jpg 300w, https:\/\/www.forum-soegel.de\/information\/wp-content\/uploads\/2016\/06\/Justin-Schallock-Freude-am-Fu\u00dfball-treibt-mich-an.jpg 1024w\" sizes=\"auto, (max-width: 300px) 100vw, 300px\" \/><\/a><\/p>\n<p align=\"left\">\n","protected":false},"excerpt":{"rendered":"S\u00f6gel &#8211; Von den Minikickern des SV Sigiltra S\u00f6gel \u00fcber die Niedersachsenauswahl in das Nachwuchsleistungszentrum des SC Freiburg. Mit einem Schreiben des damaligen Trainers der S\u00f6geler Minikicker, Arnold Welling, in der Saison 2006\/2007 fing das Fu\u00dfballspielen f\u00fcr Justin Schallock an. Welling lud zum Trainingsbeginn seiner neuen Mannschaft ein. Justins erstes Training fand somit am 01.09.2006 [&hellip;]\n","protected":false},"author":2,"featured_media":0,"comment_status":"closed","ping_status":"closed","sticky":false,"template":"","format":"standard","meta":{"ngg_post_thumbnail":0,"footnotes":""},"categories":[3],"tags":[],"class_list":["post-18917","post","type-post","status-publish","format-standard","hentry","category-aktuelles-aus-der-region"],"_links":{"self":[{"href":"https:\/\/www.forum-soegel.de\/information\/wp-json\/wp\/v2\/posts\/18917","targetHints":{"allow":["GET"]}}],"collection":[{"href":"https:\/\/www.forum-soegel.de\/information\/wp-json\/wp\/v2\/posts"}],"about":[{"href":"https:\/\/www.forum-soegel.de\/information\/wp-json\/wp\/v2\/types\/post"}],"author":[{"embeddable":true,"href":"https:\/\/www.forum-soegel.de\/information\/wp-json\/wp\/v2\/users\/2"}],"replies":[{"embeddable":true,"href":"https:\/\/www.forum-soegel.de\/information\/wp-json\/wp\/v2\/comments?post=18917"}],"version-history":[{"count":1,"href":"https:\/\/www.forum-soegel.de\/information\/wp-json\/wp\/v2\/posts\/18917\/revisions"}],"predecessor-version":[{"id":18919,"href":"https:\/\/www.forum-soegel.de\/information\/wp-json\/wp\/v2\/posts\/18917\/revisions\/18919"}],"wp:attachment":[{"href":"https:\/\/www.forum-soegel.de\/information\/wp-json\/wp\/v2\/media?parent=18917"}],"wp:term":[{"taxonomy":"category","embeddable":true,"href":"https:\/\/www.forum-soegel.de\/information\/wp-json\/wp\/v2\/categories?post=18917"},{"taxonomy":"post_tag","embeddable":true,"href":"https:\/\/www.forum-soegel.de\/information\/wp-json\/wp\/v2\/tags?post=18917"}],"curies":[{"name":"wp","href":"https:\/\/api.w.org\/{rel}","templated":true}]}}