{"id":18914,"date":"2016-06-06T19:14:14","date_gmt":"2016-06-06T17:14:14","guid":{"rendered":"https:\/\/www.forum-soegel.de\/information\/?p=18914"},"modified":"2016-06-06T19:14:14","modified_gmt":"2016-06-06T17:14:14","slug":"ikonenmalerei","status":"publish","type":"post","link":"https:\/\/www.forum-soegel.de\/information\/2016\/06\/ikonenmalerei\/","title":{"rendered":"Ikonenmalerei"},"content":{"rendered":"<p style=\"text-align: left;\" align=\"center\"><strong>Kapuziner Franz Breer widmet sich auf Clemenswerth der Ikonenmalerei &#8211; Kunst der Ostkirche<\/strong><\/p>\n<p style=\"text-align: left;\">S\u00f6gel &#8211; Dass in einer Werkstatt auf dem Schloss Clemenswerth Farben und Pinsel, H\u00f6lzer und Rahmen vorhanden sind, erscheint auf den ersten Blick nicht verwunderlich. Wenn dann aber Pater Franz\u00a0 Materialien wie Eigelb und Goldstaub in eben dieser Werkstatt zeigt, h\u00f6rt man schon genauer hin. Denn er spricht dabei von den Geheimnissen der Kultbilder der Ostkirche. Pater Franz aus dem Kapuzinerkloster Clemenswerth ist ein leidenschaftlicher Ikonenmaler. Dieses war nicht immer so. Bevor der heute Vierundsechzigj\u00e4hrige 1985 in den Orden eintrat und zum Priester geweiht wurde, hatte er an der TU Berlin Maschinenbau studiert, Fachrichtung Feinwerktechnik\/Biomedizinische Technik.\u00a0 Also ein \u201eSp\u00e4tberufener\u201c, der sich jetzt neben seinen Aufgaben als Pater der Ikonenmalerei hingibt.<\/p>\n<p>\u201eEine Ikone will den Betrachter mit einer Wirklichkeit in Verbindung bringen, die eigentlich gar nicht darstellbar ist. Sie soll zeigen, dass es noch etwas anderes gibt, etwas \u00fcber die allt\u00e4gliche Wahrnehmung hinaus. Obwohl ich die Bilder gemalt habe, sind sie doch auch immer das k\u00fcnstlerische Werk eines anderen. Ikonenmalerei ist mehr als eine rein k\u00fcnstlerische T\u00e4tigkeit, sie stellt eine Verbindung zu einer anderen Wirklichkeit dar\u201c, schildert Pater Franz seine Begrifflichkeit des Malens.<\/p>\n<p>Auf den ersten Blick wirkt die Kunst der Ostkirche, die Ikonenmalerei, eher naiv. Doch hinter dieser vermeintlichen Naivit\u00e4t verbirgt sich ein komplexes theologisches Konzept. Ikonen werden als Verbindungen zwischen dem irdischen und dem himmlischen Reich angesehen, als Fenster zum Himmel. Seit Jahrhunderten \u00fcben sich Maler in der Kunst der Ikonenmalerei, die mit ihren Goldverzierungen eine spezielle Technik verlangt.<\/p>\n<p>Pater Franz erkl\u00e4rt in seiner ruhigen Art die verschiedenen Arbeitsschritte, die bis zur fertigen Ikone immer in der gleichen Reihenfolge zu t\u00e4tigen sind. Die handwerkliche Arbeit beginnt mit einem Brett. Auf dieses Brett wird eine Grundierung aus Champagnerkreide, gebunden mit Knochenleim (Glutinleim), in 12 \u2013 15 d\u00fcnnen Schichten aufgetrage und diese dann nach dem gr\u00fcndlichen Durchtrocknen ganz und gar glatt poliert. Dann wird eine Vorlage der zu malenden Ikone zun\u00e4chst in Umrissen auf Transparentpapier gezeichnet. Diese erste Vorzeichnung muss dann durch Kopieren auf ein zu der Holztafel passendes Format gebracht werden, um anschlie\u00dfend die Zeichnung zu \u00fcbertragen: die Umrisslinien der Figuren, Schattenlinien, Augenbrauen, Nasenlinie, den Mund mit der Mittellinie des Lippenspalts und der Unterlippe, Pupille und Iris bei den gr\u00f6\u00dferen K\u00f6pfen. Dazu wird die R\u00fcckseite des Transparentpapiers mit Englischrot-Pulver best\u00e4ubt und durch kr\u00e4ftig aufdr\u00fcckendes Nachziehen der Linien die Vorzeichnung auf die grundierte Holzplatte \u00fcbertragen.<\/p>\n<p>Gold, das die himmlischen Sph\u00e4ren symbolisiert, will besonders sorgf\u00e4ltig aufgelegt sein. Die zu vergoldenden Teile werden zun\u00e4chst mit einer Kaseinemulsion\u00a0 bestrichen, glattgeschliffen und mit Schelllack verschlossen. Dann k\u00f6nnen sie mit Blattgold belegt werden. Man erzielt damit saubere, matt gl\u00e4nzende Vergoldungen. Nun werden die Farben aufgetragen. F\u00fcr die Herstellung der Farben ben\u00fctzt Pater Franz Pulverpigmente, die mit einer Ei-Emulsion gebunden werden. Dabei entsteht die Leuchtkraft von Ikonen durch die Regel, dass zun\u00e4chst die dunkelsten Teile aufgetragen werden und danach in mehreren einzelnen Schritten nach und nach die helleren Farben dar\u00fcber gelegt, bis hin zu den Lichtpunkten auf Gew\u00e4ndern, Gesichtern, Felsen usw.<\/p>\n<p>\u201eIkonen wollen eine Botschaft vermitteln, und diese Botschaft soll verstanden werden k\u00f6nnen. Und das, was verstanden werden soll, muss auch das Richtige sein. Deshalb sind lkonen nicht beliebig malbar. Sie sind nicht Ausdruck der pers\u00f6nlichen Empfindung eines K\u00fcnstlers, sondern eine Mitteilung \u00fcber die religi\u00f6sen Erfahrungen aller Gl\u00e4ubigen und f\u00fcr alle Gl\u00e4ubigen. Sie m\u00fcssen sich daher an bestimmte Regeln halten, so dass sie von allen Gl\u00e4ubigen verstanden werden k\u00f6nnen. Der Maler begibt sich bewusst in ein seit dem 6. Jahrhundert bestehendes Regelsystem, welchem er sich unterordnet, denn er verk\u00fcndet nicht sich selber, sondern die allen Gl\u00e4ubigen gemeinsame Erfahrung mit Gott und seinen Heiligen und mit ihrem Leben aus dem Glauben\u201c, erkl\u00e4rt Pater Franz. Im Sommer dieses Jahres wird Pater Franz eine Ausstellung im Ludmillenhof mit seinen Ikonen gestalten.<\/p>\n<p>Text\/Foto: Ingrid Cloppenburg<\/p>\n<p>&nbsp;<\/p>\n<div id=\"attachment_18915\" style=\"width: 310px\" class=\"wp-caption alignnone\"><a href=\"https:\/\/www.forum-soegel.de\/information\/wp-content\/uploads\/2016\/06\/Ikonenmalerei.jpg\"><img loading=\"lazy\" decoding=\"async\" aria-describedby=\"caption-attachment-18915\" class=\"size-medium wp-image-18915\" title=\"Ikonenmalerei\" src=\"https:\/\/www.forum-soegel.de\/information\/wp-content\/uploads\/2016\/06\/Ikonenmalerei-300x225.jpg\" alt=\"\" width=\"300\" height=\"225\" srcset=\"https:\/\/www.forum-soegel.de\/information\/wp-content\/uploads\/2016\/06\/Ikonenmalerei-300x225.jpg 300w, https:\/\/www.forum-soegel.de\/information\/wp-content\/uploads\/2016\/06\/Ikonenmalerei.jpg 1024w\" sizes=\"auto, (max-width: 300px) 100vw, 300px\" \/><\/a><p id=\"caption-attachment-18915\" class=\"wp-caption-text\">Pater Franz fertigt derzeit in seiner Werkstatt auf Schloss Clemenswerth eine Ikone an.<\/p><\/div>\n","protected":false},"excerpt":{"rendered":"Kapuziner Franz Breer widmet sich auf Clemenswerth der Ikonenmalerei &#8211; Kunst der Ostkirche S\u00f6gel &#8211; Dass in einer Werkstatt auf dem Schloss Clemenswerth Farben und Pinsel, H\u00f6lzer und Rahmen vorhanden sind, erscheint auf den ersten Blick nicht verwunderlich. Wenn dann aber Pater Franz\u00a0 Materialien wie Eigelb und Goldstaub in eben dieser Werkstatt zeigt, h\u00f6rt man [&hellip;]\n","protected":false},"author":2,"featured_media":0,"comment_status":"closed","ping_status":"closed","sticky":false,"template":"","format":"standard","meta":{"ngg_post_thumbnail":0,"footnotes":""},"categories":[3],"tags":[],"class_list":["post-18914","post","type-post","status-publish","format-standard","hentry","category-aktuelles-aus-der-region"],"_links":{"self":[{"href":"https:\/\/www.forum-soegel.de\/information\/wp-json\/wp\/v2\/posts\/18914","targetHints":{"allow":["GET"]}}],"collection":[{"href":"https:\/\/www.forum-soegel.de\/information\/wp-json\/wp\/v2\/posts"}],"about":[{"href":"https:\/\/www.forum-soegel.de\/information\/wp-json\/wp\/v2\/types\/post"}],"author":[{"embeddable":true,"href":"https:\/\/www.forum-soegel.de\/information\/wp-json\/wp\/v2\/users\/2"}],"replies":[{"embeddable":true,"href":"https:\/\/www.forum-soegel.de\/information\/wp-json\/wp\/v2\/comments?post=18914"}],"version-history":[{"count":1,"href":"https:\/\/www.forum-soegel.de\/information\/wp-json\/wp\/v2\/posts\/18914\/revisions"}],"predecessor-version":[{"id":18916,"href":"https:\/\/www.forum-soegel.de\/information\/wp-json\/wp\/v2\/posts\/18914\/revisions\/18916"}],"wp:attachment":[{"href":"https:\/\/www.forum-soegel.de\/information\/wp-json\/wp\/v2\/media?parent=18914"}],"wp:term":[{"taxonomy":"category","embeddable":true,"href":"https:\/\/www.forum-soegel.de\/information\/wp-json\/wp\/v2\/categories?post=18914"},{"taxonomy":"post_tag","embeddable":true,"href":"https:\/\/www.forum-soegel.de\/information\/wp-json\/wp\/v2\/tags?post=18914"}],"curies":[{"name":"wp","href":"https:\/\/api.w.org\/{rel}","templated":true}]}}