{"id":18910,"date":"2016-06-06T19:12:48","date_gmt":"2016-06-06T17:12:48","guid":{"rendered":"https:\/\/www.forum-soegel.de\/information\/?p=18910"},"modified":"2016-06-06T19:12:48","modified_gmt":"2016-06-06T17:12:48","slug":"fluchtlinge-besichtigen-alten-kiga","status":"publish","type":"post","link":"https:\/\/www.forum-soegel.de\/information\/2016\/06\/fluchtlinge-besichtigen-alten-kiga\/","title":{"rendered":"Fl\u00fcchtlinge besichtigen alten KIGA"},"content":{"rendered":"<p>S\u00f6gel &#8211; Fl\u00fcchtlingsunterk\u00fcnfte in der Samtgemeinde S\u00f6gel bieten gen\u00fcgend Wohnraum \u2013 die Lage hat sich entspannt<\/p>\n<p>S\u00f6gel. Der verwaltungsinterne Arbeitskreis \u201eFl\u00fcchtlingshilfe\u201c der Samtgemeinde S\u00f6gel fand sich im ehemaligen Kindergarten der Gemeinde S\u00f6gel ein, um die hier neu eingerichtete Gruppenunterkunft in Augenschein zu nehmen. Gleichzeitig wurde Said Elias Miri als neuer Bundesfreiwilligendienstleister begr\u00fc\u00dft.<\/p>\n<p>Zu Beginn der Fl\u00fcchtlingswelle im Herbst letzten Jahres wurde im Rathaus der Samtgemeinde S\u00f6gel ein Arbeitskreis gebildet, der sich w\u00f6chentlich trifft, um notwendige Ma\u00dfnahmen in der Fl\u00fcchtlingshilfe zu koordinieren. \u201eVorrangig geht es hier um die Unterbringung der Fl\u00fcchtlinge. Wohnraum wurde von uns angemietet und eingerichtet\u201c,\u00a0 so Erster Samtgemeinderat Hans Nowak. Zu Beginn konnte die Samtgemeinde noch auf private Wohnungsanbieter zur\u00fcckgreifen. In der Zwischenzeit sei insbesondere die Gemeinde S\u00f6gel an ihre Grenzen gesto\u00dfen und habe Gruppenunterk\u00fcnfte im ehemaligen Rathaus, im ehemaligen Polizeigeb\u00e4ude und im alten Kindergarten eingerichtet. Nicht nur die Anschaffung von M\u00f6beln und Waschmaschinen sowie notwendige Renovierungsarbeiten standen an. Auch Dinge f\u00fcr den allt\u00e4glichen Gebrauch mussten vorgehalten werden. Beispielhaft zeigt Klaus Lammers die sogenannten \u201eEin-Mann-Pakete\u201c, die Bettw\u00e4sche, Geschirr, Wasch- und Reinigungsmittel sowie Handt\u00fccher beinhalten und f\u00fcr die Erstversorgung der Fl\u00fcchtlinge parat stehen.<\/p>\n<p>Mittlerweile wohnen Fl\u00fcchtlinge aus Afghanistan im ehemaligen Kindergarten. \u201eEs sind noch Wohnraumkapazit\u00e4ten f\u00fcr weitere Fl\u00fcchtlinge frei\u201c, informieren Josef G\u00f6\u00dfling und Werner Jansen vom Fachbereich Bauwesen, die die notwendigen Umbauma\u00dfnahmen koordinierten. So mussten insbesondere die Sanit\u00e4ranlagen erwachsenengerecht umgebaut werden.<\/p>\n<p>Said Eilas Miri vervollst\u00e4ndigt ab sofort das Team der Fl\u00fcchtlingsbeauftragten im Willkommensb\u00fcro. Johannes Brachem und Ammar Dawood freuen sich besonders \u00fcber die Verst\u00e4rkung. Miri beherrscht die persische Sprache Farsi und kann so als Vermittler insbesondere f\u00fcr Fl\u00fcchtlinge aus Afghanistan eingesetzt werden. Als weitere Hilfe w\u00fcnscht sich das Team noch weitere\u00a0 Ehrenamtliche, die sich besonders um den Personenkreis im Kindergarten bem\u00fchen wollen. \u201eWir haben in B\u00f6rger im Jugendg\u00e4stehaus mit Hermann Schmitz einen engagierten Mitarbeiter\u201c, so Brachem. Es sei ein gro\u00dfer Vorteil, wenn sich ein ans\u00e4ssiger B\u00fcrger als Ansprechpartner f\u00fcr die Fl\u00fcchtlinge zur Verf\u00fcgung stellt. Allt\u00e4gliche Dinge k\u00f6nnten so vor Ort unb\u00fcrokratisch erledigt und abgefangen werden.<\/p>\n<p>Ralf H\u00f6mmeke vom Fachbereich \u201eSoziales\u201c informierte indes den Arbeitskreis, dass zeitnah in Zusammenarbeit mit der Agentur f\u00fcr Arbeit und dem Jobcenter des Landkreises Besch\u00e4ftigungsm\u00f6glichkeiten f\u00fcr Fl\u00fcchtlinge angeboten werden.<\/p>\n<p>Insgesamt zeigen sich die Mitglieder des Arbeitskreises zuversichtlich, auch f\u00fcr k\u00fcnftige Fl\u00fcchtlingswellen gewappnet zu sein. \u201eWir wissen jetzt, wie es geht und k\u00f6nnen die notwendigen Dinge schneller koordinieren. Inzwischen ist wieder Alltag eingekehrt und der Druck hat infolge des gesunkenen Fl\u00fcchtlingsaufkommens deutlich nachgelassen\u201c, res\u00fcmierte Nowak teils erleichtert, teils aber auch mit Sorge \u00fcber die Krisenherde in der Welt.<\/p>\n<p>Text\/Foto: Ingrid Cloppenburg<\/p>\n<p><a href=\"https:\/\/www.forum-soegel.de\/information\/wp-content\/uploads\/2016\/06\/Fl\u00fcchtlinge-besichtigen-alten-KIGA1.jpg\"><img loading=\"lazy\" decoding=\"async\" class=\"alignnone size-thumbnail wp-image-18911\" title=\"Fl\u00fcchtlinge besichtigen alten KIGA1\" src=\"https:\/\/www.forum-soegel.de\/information\/wp-content\/uploads\/2016\/06\/Fl\u00fcchtlinge-besichtigen-alten-KIGA1-150x150.jpg\" alt=\"\" width=\"150\" height=\"150\" \/><\/a>\u00a0\u00a0<a href=\"https:\/\/www.forum-soegel.de\/information\/wp-content\/uploads\/2016\/06\/Fl\u00fcchtlinge-besichtigen-alten-KIGA2.jpg\"><img loading=\"lazy\" decoding=\"async\" class=\"alignnone size-thumbnail wp-image-18912\" title=\"Fl\u00fcchtlinge besichtigen alten KIGA2\" src=\"https:\/\/www.forum-soegel.de\/information\/wp-content\/uploads\/2016\/06\/Fl\u00fcchtlinge-besichtigen-alten-KIGA2-150x150.jpg\" alt=\"\" width=\"150\" height=\"150\" \/><\/a><\/p>\n","protected":false},"excerpt":{"rendered":"S\u00f6gel &#8211; Fl\u00fcchtlingsunterk\u00fcnfte in der Samtgemeinde S\u00f6gel bieten gen\u00fcgend Wohnraum \u2013 die Lage hat sich entspannt S\u00f6gel. Der verwaltungsinterne Arbeitskreis \u201eFl\u00fcchtlingshilfe\u201c der Samtgemeinde S\u00f6gel fand sich im ehemaligen Kindergarten der Gemeinde S\u00f6gel ein, um die hier neu eingerichtete Gruppenunterkunft in Augenschein zu nehmen. Gleichzeitig wurde Said Elias Miri als neuer Bundesfreiwilligendienstleister begr\u00fc\u00dft. Zu Beginn der [&hellip;]\n","protected":false},"author":2,"featured_media":0,"comment_status":"closed","ping_status":"closed","sticky":false,"template":"","format":"standard","meta":{"ngg_post_thumbnail":0,"footnotes":""},"categories":[3],"tags":[],"class_list":["post-18910","post","type-post","status-publish","format-standard","hentry","category-aktuelles-aus-der-region"],"_links":{"self":[{"href":"https:\/\/www.forum-soegel.de\/information\/wp-json\/wp\/v2\/posts\/18910","targetHints":{"allow":["GET"]}}],"collection":[{"href":"https:\/\/www.forum-soegel.de\/information\/wp-json\/wp\/v2\/posts"}],"about":[{"href":"https:\/\/www.forum-soegel.de\/information\/wp-json\/wp\/v2\/types\/post"}],"author":[{"embeddable":true,"href":"https:\/\/www.forum-soegel.de\/information\/wp-json\/wp\/v2\/users\/2"}],"replies":[{"embeddable":true,"href":"https:\/\/www.forum-soegel.de\/information\/wp-json\/wp\/v2\/comments?post=18910"}],"version-history":[{"count":1,"href":"https:\/\/www.forum-soegel.de\/information\/wp-json\/wp\/v2\/posts\/18910\/revisions"}],"predecessor-version":[{"id":18913,"href":"https:\/\/www.forum-soegel.de\/information\/wp-json\/wp\/v2\/posts\/18910\/revisions\/18913"}],"wp:attachment":[{"href":"https:\/\/www.forum-soegel.de\/information\/wp-json\/wp\/v2\/media?parent=18910"}],"wp:term":[{"taxonomy":"category","embeddable":true,"href":"https:\/\/www.forum-soegel.de\/information\/wp-json\/wp\/v2\/categories?post=18910"},{"taxonomy":"post_tag","embeddable":true,"href":"https:\/\/www.forum-soegel.de\/information\/wp-json\/wp\/v2\/tags?post=18910"}],"curies":[{"name":"wp","href":"https:\/\/api.w.org\/{rel}","templated":true}]}}