{"id":1891,"date":"2010-05-01T11:38:38","date_gmt":"2010-05-01T09:38:38","guid":{"rendered":"https:\/\/www.forum-soegel.de\/information\/?p=1891"},"modified":"2010-05-01T11:38:38","modified_gmt":"2010-05-01T09:38:38","slug":"ausstellung-im-ludmillenhof-5","status":"publish","type":"post","link":"https:\/\/www.forum-soegel.de\/information\/2010\/05\/ausstellung-im-ludmillenhof-5\/","title":{"rendered":"Ausstellung im Ludmillenhof"},"content":{"rendered":"<p>Am Freitag, dem 7. Mai, wird um 19.30 Uhr die Ausstellung \u201eLebenswerk des Johann Bernhard Hensen\u201c im Ludmillenhof er\u00f6ffnet. Interessierte sind dazu herzlich eingeladen. Des Weiteren besteht die M\u00f6glichkeit, die Ausstellung w\u00e4hrend der \u00d6ffnungszeiten der Samtgemeindeverwaltung bis zum 30. Mai zu besichtigen.<\/p>\n","protected":false},"excerpt":{"rendered":"Am Freitag, dem 7. Mai, wird um 19.30 Uhr die Ausstellung \u201eLebenswerk des Johann Bernhard Hensen\u201c im Ludmillenhof er\u00f6ffnet. Interessierte sind dazu herzlich eingeladen. Des Weiteren besteht die M\u00f6glichkeit, die Ausstellung w\u00e4hrend der \u00d6ffnungszeiten der Samtgemeindeverwaltung bis zum 30. Mai zu besichtigen.\n","protected":false},"author":2,"featured_media":0,"comment_status":"closed","ping_status":"closed","sticky":false,"template":"","format":"standard","meta":{"ngg_post_thumbnail":0,"footnotes":""},"categories":[10],"tags":[297,72],"class_list":["post-1891","post","type-post","status-publish","format-standard","hentry","category-rat-und-verwaltung-informieren","tag-hensen","tag-ludmillenhof"],"_links":{"self":[{"href":"https:\/\/www.forum-soegel.de\/information\/wp-json\/wp\/v2\/posts\/1891","targetHints":{"allow":["GET"]}}],"collection":[{"href":"https:\/\/www.forum-soegel.de\/information\/wp-json\/wp\/v2\/posts"}],"about":[{"href":"https:\/\/www.forum-soegel.de\/information\/wp-json\/wp\/v2\/types\/post"}],"author":[{"embeddable":true,"href":"https:\/\/www.forum-soegel.de\/information\/wp-json\/wp\/v2\/users\/2"}],"replies":[{"embeddable":true,"href":"https:\/\/www.forum-soegel.de\/information\/wp-json\/wp\/v2\/comments?post=1891"}],"version-history":[{"count":1,"href":"https:\/\/www.forum-soegel.de\/information\/wp-json\/wp\/v2\/posts\/1891\/revisions"}],"predecessor-version":[{"id":1892,"href":"https:\/\/www.forum-soegel.de\/information\/wp-json\/wp\/v2\/posts\/1891\/revisions\/1892"}],"wp:attachment":[{"href":"https:\/\/www.forum-soegel.de\/information\/wp-json\/wp\/v2\/media?parent=1891"}],"wp:term":[{"taxonomy":"category","embeddable":true,"href":"https:\/\/www.forum-soegel.de\/information\/wp-json\/wp\/v2\/categories?post=1891"},{"taxonomy":"post_tag","embeddable":true,"href":"https:\/\/www.forum-soegel.de\/information\/wp-json\/wp\/v2\/tags?post=1891"}],"curies":[{"name":"wp","href":"https:\/\/api.w.org\/{rel}","templated":true}]}}