{"id":18907,"date":"2016-06-06T19:11:35","date_gmt":"2016-06-06T17:11:35","guid":{"rendered":"https:\/\/www.forum-soegel.de\/information\/?p=18907"},"modified":"2016-06-06T19:11:35","modified_gmt":"2016-06-06T17:11:35","slug":"erster-%e2%80%9esportabzeichen-monat%e2%80%9c-im-emsland","status":"publish","type":"post","link":"https:\/\/www.forum-soegel.de\/information\/2016\/06\/erster-%e2%80%9esportabzeichen-monat%e2%80%9c-im-emsland\/","title":{"rendered":"Erster \u201eSportabzeichen-Monat\u201c im Emsland"},"content":{"rendered":"<p align=\"left\">S\u00f6gel &#8211; Nachdem im vergangenen Jahr der erste emsl\u00e4ndische Sportabzeichen- tag an zehn Standorten erfolgreich gestartet war, haben die Organisatoren sich f\u00fcr eine\u00a0 Wiederholung in etwas modifizierter Form entschlossen. Aus dem einen Sportabzeichentag wird ein Sportabzeichen-Monat.<\/p>\n<p align=\"left\">In diesem Jahr kann im Juni das Sportabzeichen im n\u00f6rdlichen Emsland in Papenburg, Dersum, B\u00f6rger, Lathen und S\u00f6gel, im mittleren Emsland in Meppen, Dalum, Twist, Haren, Hasel\u00fcnne und Osterbrock sowie im s\u00fcdlichen Emsland in Darme, Salzbergen, Lingen und Spelle abgelegt werden.<\/p>\n<p align=\"left\">Alle Sportlerinnen und Sportler, die im Juni erstmalig teilnehmen, erhalten nach erfolgreicher Absolvierung eine Urkunde und eine Nadel. Der oder die j\u00fcngste und \u00e4lteste Teilnehmer oder Teilnehmerin wird mit einem besonderen Pr\u00e4sent durch den Kreissportbund Emsland geehrt. Dies gilt jeweils f\u00fcr den Bereich Emsland Nord, Emsland Mitte und Emsland S\u00fcd.<\/p>\n<p align=\"left\">Weitere Informationen erteilen die Sportabzeichenreferenten des Kreissport- bundes Emsland per E-Mail. F\u00fcr den Bereich Emsland Nord ist Hermann Germer (hermann.germer@ewetel.net)\u00a0 Ansprechpartner. Im mittleren Emsland ist R\u00fcdiger Smorra (ruediger.smorra@ewetel.net) und im s\u00fcdlichen Emsland J\u00f6rg Sentker (joerg.sentker1968@gmx.de) Ansprechpartner.<\/p>\n<p align=\"left\">Text\/Foto: Maren Sostmann<\/p>\n<div id=\"attachment_18908\" style=\"width: 310px\" class=\"wp-caption alignnone\"><a href=\"https:\/\/www.forum-soegel.de\/information\/wp-content\/uploads\/2016\/06\/Erster-\u201eSportabzeichen-Monat\u201c-im-Emsland.jpg\"><img loading=\"lazy\" decoding=\"async\" aria-describedby=\"caption-attachment-18908\" class=\"size-medium wp-image-18908\" title=\"Erster \u201eSportabzeichen-Monat\u201c im Emsland\" src=\"https:\/\/www.forum-soegel.de\/information\/wp-content\/uploads\/2016\/06\/Erster-\u201eSportabzeichen-Monat\u201c-im-Emsland-300x159.jpg\" alt=\"\" width=\"300\" height=\"159\" srcset=\"https:\/\/www.forum-soegel.de\/information\/wp-content\/uploads\/2016\/06\/Erster-\u201eSportabzeichen-Monat\u201c-im-Emsland-300x159.jpg 300w, https:\/\/www.forum-soegel.de\/information\/wp-content\/uploads\/2016\/06\/Erster-\u201eSportabzeichen-Monat\u201c-im-Emsland.jpg 1024w\" sizes=\"auto, (max-width: 300px) 100vw, 300px\" \/><\/a><p id=\"caption-attachment-18908\" class=\"wp-caption-text\">v.l. Die Sportabzeichen - Referenten Hermann Germer, Bereich Nord, G\u00fcnter Klene, Gesch\u00e4ftsf\u00fchrer KSB, Joerg Sentker, f\u00fcr das s\u00fcdliche Emsland sowie R\u00fcdiger Smorra, f\u00fcr das mittlere Emsland und Hermann Wilkens, Vizepr\u00e4sident Sportentwicklung KSB und Tim Schmidt-Weichmann, KSB Emsland freuen sich auf den ersten Sportabzeichen - Monat<\/p><\/div>\n","protected":false},"excerpt":{"rendered":"S\u00f6gel &#8211; Nachdem im vergangenen Jahr der erste emsl\u00e4ndische Sportabzeichen- tag an zehn Standorten erfolgreich gestartet war, haben die Organisatoren sich f\u00fcr eine\u00a0 Wiederholung in etwas modifizierter Form entschlossen. Aus dem einen Sportabzeichentag wird ein Sportabzeichen-Monat. In diesem Jahr kann im Juni das Sportabzeichen im n\u00f6rdlichen Emsland in Papenburg, Dersum, B\u00f6rger, Lathen und S\u00f6gel, im [&hellip;]\n","protected":false},"author":2,"featured_media":0,"comment_status":"closed","ping_status":"closed","sticky":false,"template":"","format":"standard","meta":{"ngg_post_thumbnail":0,"footnotes":""},"categories":[3],"tags":[],"class_list":["post-18907","post","type-post","status-publish","format-standard","hentry","category-aktuelles-aus-der-region"],"_links":{"self":[{"href":"https:\/\/www.forum-soegel.de\/information\/wp-json\/wp\/v2\/posts\/18907","targetHints":{"allow":["GET"]}}],"collection":[{"href":"https:\/\/www.forum-soegel.de\/information\/wp-json\/wp\/v2\/posts"}],"about":[{"href":"https:\/\/www.forum-soegel.de\/information\/wp-json\/wp\/v2\/types\/post"}],"author":[{"embeddable":true,"href":"https:\/\/www.forum-soegel.de\/information\/wp-json\/wp\/v2\/users\/2"}],"replies":[{"embeddable":true,"href":"https:\/\/www.forum-soegel.de\/information\/wp-json\/wp\/v2\/comments?post=18907"}],"version-history":[{"count":1,"href":"https:\/\/www.forum-soegel.de\/information\/wp-json\/wp\/v2\/posts\/18907\/revisions"}],"predecessor-version":[{"id":18909,"href":"https:\/\/www.forum-soegel.de\/information\/wp-json\/wp\/v2\/posts\/18907\/revisions\/18909"}],"wp:attachment":[{"href":"https:\/\/www.forum-soegel.de\/information\/wp-json\/wp\/v2\/media?parent=18907"}],"wp:term":[{"taxonomy":"category","embeddable":true,"href":"https:\/\/www.forum-soegel.de\/information\/wp-json\/wp\/v2\/categories?post=18907"},{"taxonomy":"post_tag","embeddable":true,"href":"https:\/\/www.forum-soegel.de\/information\/wp-json\/wp\/v2\/tags?post=18907"}],"curies":[{"name":"wp","href":"https:\/\/api.w.org\/{rel}","templated":true}]}}