{"id":18901,"date":"2016-06-06T19:08:13","date_gmt":"2016-06-06T17:08:13","guid":{"rendered":"https:\/\/www.forum-soegel.de\/information\/?p=18901"},"modified":"2016-06-06T19:09:07","modified_gmt":"2016-06-06T17:09:07","slug":"burgerversammlung-in-der-gemeinde-spahnharrenstatte","status":"publish","type":"post","link":"https:\/\/www.forum-soegel.de\/information\/2016\/06\/burgerversammlung-in-der-gemeinde-spahnharrenstatte\/","title":{"rendered":"B\u00fcrgerversammlung in der Gemeinde Spahnharrenst\u00e4tte"},"content":{"rendered":"<p>Spahnharrenst\u00e4tte &#8211; Mehr als 100 B\u00fcrgerinnen und B\u00fcrger informierten sich am 22. April in einer B\u00fcrgerversammlung \u00fcber die aktuellen Themen in der Gemeinde Spahnharrenst\u00e4tte.<br \/>\nDer Gemeinderat hatte zu dieser B\u00fcrgerversammlung eingeladen. B\u00fcrgermeister Reinhard Timpker begr\u00fc\u00dfte im Namen des Rates die G\u00e4ste und ganz besonders die ehemaligen B\u00fcrgermeister Hans Roosmann, Hermann Eilermann und Hubert Lager. Die Pr\u00e4sentation war in vier Themenbereiche aufgeteilt:<br \/>\nA. Infrastruktur im inner\u00f6rtlichen Bereich<br \/>\nB. Umweltschutz<br \/>\nC. Technik<br \/>\nD. Verschiedenes<br \/>\nUnter dem Men\u00fcpunkt \u201eInfrastruktur im inner\u00f6rtlichen Bereich&#8220; wurden die Themen: Gemeindeb\u00fcro\u00a0und D\u00f6rpsplatz, LEADER-Region-H\u00fcmmling, Sport- und Schie\u00dfgel\u00e4nde, Vorplatz- und Wegesanierung Raiffeisen-Warengenossenschaft, Stra\u00dfenbau S\u00f6gel-Spahnharrenst\u00e4tte, Tierhaltungsanlagen, Bau- und Gewerbegebiet und der Stra\u00dfenbau Innerorts angesprochen und erl\u00e4utert.<br \/>\nUnter dem Men\u00fcpunkt \u201eUmweltschutz&#8220; ging es um die \u00a0Grundwasserf\u00f6rderung des Wasserverbandes H\u00fcmmling, die Sanierung des Baumbestandes \u201eAm Brink&#8220; und das Wegeseitenprogramm.<\/p>\n<p>Im Mittelpunkt stand hier die F\u00f6rderung durch die Heinrich- Essmann- Stiftung, die bisher alle Kosten \u00fcbernommen hat.<br \/>\nDer dritte Punkt beinhaltete den Breitbandausbau und den Windpark an der Werlter Stra\u00dfe. Zu Letztgenanntem gibt es lediglich die M\u00f6glichkeit, sich an einer Windenergieanlage zu beteiligen. Die Koordination \u00fcbernimmt hier die Raiffeisenbank Emsland-Mitte.<br \/>\nUnter \u201eVerschiedenes&#8220; wurde der Finanzhaushalt der KiTa Spahnharrenst\u00e4tte angesprochen. Das Haushaltsvolumen betr\u00e4gt 355.000 Euro. Der Elternanteil betr\u00e4gt hierf\u00fcr 48.000 Euro und der Anteil der politischen Gemeinde betr\u00e4gt im Rahmen des Defiztausgleiches ca. 60.000 Euro.<br \/>\nSamtgemeindeb\u00fcrgermeister G\u00fcnter Wigbers ging noch kurz auf folgende Themen ein: Fl\u00fcchtlingssituation, medizinische Versorgung, F\u00f6rdermittel \u201eKleine St\u00e4dte und Gemeinden&#8220;, Abwasserverband, Krippenausgleich und Breitbandausbau.<br \/>\nNach diesen Vortr\u00e4gen wurde den Anwesenden die M\u00f6glichkeit gegeben, Fragen zu stellen. Der Rat der Gemeinde plant in Zukunft j\u00e4hrlich eine B\u00fcrgerversammlung durchzuf\u00fchren. Aufgrund der gro\u00dfen Resonanz ist dies zu begr\u00fc\u00dfen.<\/p>\n<p>Text\/Foto: Werner R\u00fcdebusch<\/p>\n<p><a href=\"https:\/\/www.forum-soegel.de\/information\/wp-content\/uploads\/2016\/06\/B\u00fcrgerversammlung-in-der-Gemeinde-Spahnharrenst\u00e4tte1.jpg\"><img loading=\"lazy\" decoding=\"async\" class=\"alignnone size-thumbnail wp-image-18903\" title=\"B\u00fcrgerversammlung in der Gemeinde Spahnharrenst\u00e4tte1\" src=\"https:\/\/www.forum-soegel.de\/information\/wp-content\/uploads\/2016\/06\/B\u00fcrgerversammlung-in-der-Gemeinde-Spahnharrenst\u00e4tte1-150x150.jpg\" alt=\"\" width=\"150\" height=\"150\" \/><\/a>\u00a0\u00a0<a href=\"https:\/\/www.forum-soegel.de\/information\/wp-content\/uploads\/2016\/06\/B\u00fcrgerversammlung-in-der-Gemeinde-Spahnharrenst\u00e4tte2.jpg\"><img loading=\"lazy\" decoding=\"async\" class=\"alignnone size-thumbnail wp-image-18904\" title=\"B\u00fcrgerversammlung in der Gemeinde Spahnharrenst\u00e4tte2\" src=\"https:\/\/www.forum-soegel.de\/information\/wp-content\/uploads\/2016\/06\/B\u00fcrgerversammlung-in-der-Gemeinde-Spahnharrenst\u00e4tte2-150x150.jpg\" alt=\"\" width=\"150\" height=\"150\" \/><\/a><\/p>\n","protected":false},"excerpt":{"rendered":"Spahnharrenst\u00e4tte &#8211; Mehr als 100 B\u00fcrgerinnen und B\u00fcrger informierten sich am 22. April in einer B\u00fcrgerversammlung \u00fcber die aktuellen Themen in der Gemeinde Spahnharrenst\u00e4tte. Der Gemeinderat hatte zu dieser B\u00fcrgerversammlung eingeladen. B\u00fcrgermeister Reinhard Timpker begr\u00fc\u00dfte im Namen des Rates die G\u00e4ste und ganz besonders die ehemaligen B\u00fcrgermeister Hans Roosmann, Hermann Eilermann und Hubert Lager. Die [&hellip;]\n","protected":false},"author":2,"featured_media":0,"comment_status":"closed","ping_status":"closed","sticky":false,"template":"","format":"standard","meta":{"ngg_post_thumbnail":0,"footnotes":""},"categories":[3],"tags":[],"class_list":["post-18901","post","type-post","status-publish","format-standard","hentry","category-aktuelles-aus-der-region"],"_links":{"self":[{"href":"https:\/\/www.forum-soegel.de\/information\/wp-json\/wp\/v2\/posts\/18901","targetHints":{"allow":["GET"]}}],"collection":[{"href":"https:\/\/www.forum-soegel.de\/information\/wp-json\/wp\/v2\/posts"}],"about":[{"href":"https:\/\/www.forum-soegel.de\/information\/wp-json\/wp\/v2\/types\/post"}],"author":[{"embeddable":true,"href":"https:\/\/www.forum-soegel.de\/information\/wp-json\/wp\/v2\/users\/2"}],"replies":[{"embeddable":true,"href":"https:\/\/www.forum-soegel.de\/information\/wp-json\/wp\/v2\/comments?post=18901"}],"version-history":[{"count":2,"href":"https:\/\/www.forum-soegel.de\/information\/wp-json\/wp\/v2\/posts\/18901\/revisions"}],"predecessor-version":[{"id":18905,"href":"https:\/\/www.forum-soegel.de\/information\/wp-json\/wp\/v2\/posts\/18901\/revisions\/18905"}],"wp:attachment":[{"href":"https:\/\/www.forum-soegel.de\/information\/wp-json\/wp\/v2\/media?parent=18901"}],"wp:term":[{"taxonomy":"category","embeddable":true,"href":"https:\/\/www.forum-soegel.de\/information\/wp-json\/wp\/v2\/categories?post=18901"},{"taxonomy":"post_tag","embeddable":true,"href":"https:\/\/www.forum-soegel.de\/information\/wp-json\/wp\/v2\/tags?post=18901"}],"curies":[{"name":"wp","href":"https:\/\/api.w.org\/{rel}","templated":true}]}}