{"id":1883,"date":"2010-05-01T11:33:58","date_gmt":"2010-05-01T09:33:58","guid":{"rendered":"https:\/\/www.forum-soegel.de\/information\/?p=1883"},"modified":"2010-05-01T11:33:58","modified_gmt":"2010-05-01T09:33:58","slug":"gute-resonanz-beim-kartenvorverkauf-des-udo-jurgens-konzertes","status":"publish","type":"post","link":"https:\/\/www.forum-soegel.de\/information\/2010\/05\/gute-resonanz-beim-kartenvorverkauf-des-udo-jurgens-konzertes\/","title":{"rendered":"Gute Resonanz beim Kartenvorverkauf des  Udo-J\u00fcrgens-Konzertes"},"content":{"rendered":"<p>Der Vorverkauf f\u00fcr das Udo-J\u00fcrgens-Konzert am 21. August ist hervorragend gestartet. Innerhalb k\u00fcrzester Zeit waren neunzig Prozent des Kartenkontingents ver\u00e4u\u00dfert. Damit hat die Gemeinde S\u00f6gel sich in diesem Jahr ein \u201eSommer-Highlight\u201c an Land gezogen, welches in unserer Region seines Gleichen sucht. Gemeindedirektor G\u00fcnter Wigbers dazu: \u201eDie gro\u00dfe Kartennachfrage im Emsland, aber auch aus benachbarten Landkreisen und den Niederlanden zeigt, dass wir mit der Veranstaltung \u00fcber die Region hinausstrahlen. F\u00fcr die Gemeinde ist das Projekt ein gro\u00dfer Imagegewinn. Die Mitglieder des Verwaltungsausschusses haben im November viel Mut bewiesen, dieses Konzertprojekt anzupacken. Das Interesse der Bev\u00f6lkerung gibt der Initiative Recht.\u201c<\/p>\n","protected":false},"excerpt":{"rendered":"Der Vorverkauf f\u00fcr das Udo-J\u00fcrgens-Konzert am 21. August ist hervorragend gestartet. Innerhalb k\u00fcrzester Zeit waren neunzig Prozent des Kartenkontingents ver\u00e4u\u00dfert. Damit hat die Gemeinde S\u00f6gel sich in diesem Jahr ein \u201eSommer-Highlight\u201c an Land gezogen, welches in unserer Region seines Gleichen sucht. Gemeindedirektor G\u00fcnter Wigbers dazu: \u201eDie gro\u00dfe Kartennachfrage im Emsland, aber auch aus benachbarten Landkreisen [&hellip;]\n","protected":false},"author":2,"featured_media":0,"comment_status":"closed","ping_status":"closed","sticky":false,"template":"","format":"standard","meta":{"ngg_post_thumbnail":0,"footnotes":""},"categories":[10],"tags":[238,237],"class_list":["post-1883","post","type-post","status-publish","format-standard","hentry","category-rat-und-verwaltung-informieren","tag-konzert","tag-udo-jurgens"],"_links":{"self":[{"href":"https:\/\/www.forum-soegel.de\/information\/wp-json\/wp\/v2\/posts\/1883","targetHints":{"allow":["GET"]}}],"collection":[{"href":"https:\/\/www.forum-soegel.de\/information\/wp-json\/wp\/v2\/posts"}],"about":[{"href":"https:\/\/www.forum-soegel.de\/information\/wp-json\/wp\/v2\/types\/post"}],"author":[{"embeddable":true,"href":"https:\/\/www.forum-soegel.de\/information\/wp-json\/wp\/v2\/users\/2"}],"replies":[{"embeddable":true,"href":"https:\/\/www.forum-soegel.de\/information\/wp-json\/wp\/v2\/comments?post=1883"}],"version-history":[{"count":1,"href":"https:\/\/www.forum-soegel.de\/information\/wp-json\/wp\/v2\/posts\/1883\/revisions"}],"predecessor-version":[{"id":1884,"href":"https:\/\/www.forum-soegel.de\/information\/wp-json\/wp\/v2\/posts\/1883\/revisions\/1884"}],"wp:attachment":[{"href":"https:\/\/www.forum-soegel.de\/information\/wp-json\/wp\/v2\/media?parent=1883"}],"wp:term":[{"taxonomy":"category","embeddable":true,"href":"https:\/\/www.forum-soegel.de\/information\/wp-json\/wp\/v2\/categories?post=1883"},{"taxonomy":"post_tag","embeddable":true,"href":"https:\/\/www.forum-soegel.de\/information\/wp-json\/wp\/v2\/tags?post=1883"}],"curies":[{"name":"wp","href":"https:\/\/api.w.org\/{rel}","templated":true}]}}