{"id":1879,"date":"2010-05-01T11:32:09","date_gmt":"2010-05-01T09:32:09","guid":{"rendered":"https:\/\/www.forum-soegel.de\/information\/?p=1879"},"modified":"2010-05-01T11:32:09","modified_gmt":"2010-05-01T09:32:09","slug":"jugendzentrum-sogel-3","status":"publish","type":"post","link":"https:\/\/www.forum-soegel.de\/information\/2010\/05\/jugendzentrum-sogel-3\/","title":{"rendered":"Jugendzentrum S\u00f6gel"},"content":{"rendered":"<p>Die Jugendlichen aus S\u00f6gel bauen sich ihr eigenes Jugendzentrum \u2013 nicht nur theoretisch, auch ganz praktisch. Die Planungsphase des Jugendzentrums ist bald abgeschlossen, zahlreiche Jugendliche sind daran beteiligt gewesen. Gemeinsam mit dem Architekturb\u00fcro Schomaker &amp; Henschel sowie dem Investor Wilhelm Meyer wurde unter Mithilfe des \u201eStellwerkes Zukunft gGmbH\u201c, Vechta, ein Konzept erarbeitet, das die W\u00fcnsche der Jugendlichen im Wesentlichen ber\u00fccksichtigt. Auch gestalterische Merkmale sowie organisatorische Abl\u00e4ufe wurden von den Jugendlichen konzipiert. Wenn die Bauhauptgewerke abgeschlossen wollen, wollen die Jugendlichen tatkr\u00e4ftig am Innenausbau mitwirken. Die Einweihung des Jugendzentrums mit einer gro\u00dfen Fete in der \u201ePackhalle\u201c soll nach den Vorstellungen aller Beteiligten noch in diesem Jahr stattfinden.<\/p>\n","protected":false},"excerpt":{"rendered":"Die Jugendlichen aus S\u00f6gel bauen sich ihr eigenes Jugendzentrum \u2013 nicht nur theoretisch, auch ganz praktisch. Die Planungsphase des Jugendzentrums ist bald abgeschlossen, zahlreiche Jugendliche sind daran beteiligt gewesen. Gemeinsam mit dem Architekturb\u00fcro Schomaker &amp; Henschel sowie dem Investor Wilhelm Meyer wurde unter Mithilfe des \u201eStellwerkes Zukunft gGmbH\u201c, Vechta, ein Konzept erarbeitet, das die W\u00fcnsche [&hellip;]\n","protected":false},"author":2,"featured_media":0,"comment_status":"closed","ping_status":"closed","sticky":false,"template":"","format":"standard","meta":{"ngg_post_thumbnail":0,"footnotes":""},"categories":[10],"tags":[71],"class_list":["post-1879","post","type-post","status-publish","format-standard","hentry","category-rat-und-verwaltung-informieren","tag-jugendzentrum"],"_links":{"self":[{"href":"https:\/\/www.forum-soegel.de\/information\/wp-json\/wp\/v2\/posts\/1879","targetHints":{"allow":["GET"]}}],"collection":[{"href":"https:\/\/www.forum-soegel.de\/information\/wp-json\/wp\/v2\/posts"}],"about":[{"href":"https:\/\/www.forum-soegel.de\/information\/wp-json\/wp\/v2\/types\/post"}],"author":[{"embeddable":true,"href":"https:\/\/www.forum-soegel.de\/information\/wp-json\/wp\/v2\/users\/2"}],"replies":[{"embeddable":true,"href":"https:\/\/www.forum-soegel.de\/information\/wp-json\/wp\/v2\/comments?post=1879"}],"version-history":[{"count":1,"href":"https:\/\/www.forum-soegel.de\/information\/wp-json\/wp\/v2\/posts\/1879\/revisions"}],"predecessor-version":[{"id":1880,"href":"https:\/\/www.forum-soegel.de\/information\/wp-json\/wp\/v2\/posts\/1879\/revisions\/1880"}],"wp:attachment":[{"href":"https:\/\/www.forum-soegel.de\/information\/wp-json\/wp\/v2\/media?parent=1879"}],"wp:term":[{"taxonomy":"category","embeddable":true,"href":"https:\/\/www.forum-soegel.de\/information\/wp-json\/wp\/v2\/categories?post=1879"},{"taxonomy":"post_tag","embeddable":true,"href":"https:\/\/www.forum-soegel.de\/information\/wp-json\/wp\/v2\/tags?post=1879"}],"curies":[{"name":"wp","href":"https:\/\/api.w.org\/{rel}","templated":true}]}}