{"id":18521,"date":"2016-04-27T18:34:58","date_gmt":"2016-04-27T16:34:58","guid":{"rendered":"https:\/\/www.forum-soegel.de\/information\/?p=18521"},"modified":"2016-04-27T18:34:58","modified_gmt":"2016-04-27T16:34:58","slug":"landrat-reinhard-winter-besucht-die-stiftung-kinder-jugendhilfe-hummling","status":"publish","type":"post","link":"https:\/\/www.forum-soegel.de\/information\/2016\/04\/landrat-reinhard-winter-besucht-die-stiftung-kinder-jugendhilfe-hummling\/","title":{"rendered":"Landrat Reinhard Winter besucht die Stiftung Kinder- &#038; Jugendhilfe H\u00fcmmling"},"content":{"rendered":"<p>S\u00f6gel &#8211; Der ambulante Dienst der Stiftung Kinder- &amp; Jugendhilfe H\u00fcmmling fand besonderes Interesse anl\u00e4sslich eines Besuches von Landrat Reinhard Winter in der Stiftung.<\/p>\n<p>In einem Gespr\u00e4ch mit dem Stiftungsvorstand und der Gesch\u00e4ftsf\u00fchrung informierte Winter sich \u00fcber die Arbeit der Stiftung.<\/p>\n<p>\u201eDie Grundlage unserer Arbeit ist das systemische Denken\u201c, erl\u00e4uterte Gesch\u00e4ftsf\u00fchrer Jos\u00e9 Teixeira. Damit habe die Stiftung sich ein Alleinstellungsmerkmal in der Region verschaffen k\u00f6nnen. Im ambulanten Dienst werden viele Familien im Emsland und in den Nachbarkreisen nach diesem Denken unterst\u00fctzt. Teixeira sagte: \u201eDie Einrichtung der Stiftung Kinder- und Jugendhilfe H\u00fcmmling strebt gemeinsam mit den Kindern, Jugendlichen und den jungen Vollj\u00e4hrigen in enger Zusammenarbeit mit ihren Angeh\u00f6rigen eine Verbesserung der Zukunftschancen und Lebensperspektiven an, indem sie wieder Verantwortung f\u00fcr die Gestaltung ihres eigenen Lebens \u00fcbernehmen.<\/p>\n<p>Es wird nicht nach Ursache und Schuld gefragt, es findet keine moralische Bewertung nach welchen Kriterien auch immer statt, und es geht nicht mehr um ein Ausmerzen vermeintlicher Missst\u00e4nde und Defizite. Vielmehr liegt der Focus auf der Funktionalit\u00e4t der Familien-Systeme.\u201c Regelm\u00e4\u00dfige Besuche in den hilfebed\u00fcrftigen Familien und stetiges Arbeiten durch die von der Stiftung eingestellten Sozialp\u00e4dagogen unter dem Grundsatz des systemischen Denkens tragen zur Probleml\u00f6sung bei. Stellvertretende Gesch\u00e4ftsf\u00fchrerin Petra Kellersmann, zugleich Leiterin des ambulanten Dienstes, macht es deutlich: \u201eMit unserer systemischen Arbeitsweise sind wir sehr erfolgreich. W\u00e4hrend bei uns Kindern und deren Familien h\u00e4ufig schon nach ein bis zwei\u00a0 Jahren zielf\u00fchrend geholfen werden kann, ziehen andere p\u00e4dagogische Standards eine scheinbar endlose Behandlungszeit hinter sich.\u201c So berichtete Paul Hilbers als Stiftungsvorstand nicht ohne Stolz, dass die Stiftung als eine der ersten Einrichtungen bundesweit mit dem G\u00fctesiegel der Deutschen Gesellschaft f\u00fcr Systemische Therapie, Beratung und Familientherapie (DGSF) ausgezeichnet wurde.<\/p>\n<p>Landrat Winter zeigte sich interessiert an der erfolgreichen Arbeit der Stiftung: \u201eWenn Einrichtungen der Jugendhilfe aus unserem Landkreis auch in den Nachbarkreisen gefragt sind, bedeutet dies schlichtweg, dass hier gute Arbeit geleistet wird.\u201c Gleichwohl machte er keinen Hehl daraus, dass der Landkreis Emsland ma\u00dfvoll mit den Ausgaben f\u00fcr die Jugendhilfe umzugehen hat. Er verwies auf den aktuellen Haushalt des Landkreises Emsland: \u201eWir m\u00fcssen aufpassen, dass uns die Ausgaben f\u00fcr soziale Bereiche nicht davongaloppieren. Der Etat der Jugendhilfe ist in den vergangenen Jahren stets gestiegen, trotz r\u00fcckl\u00e4ufiger Kinderzahlen.\u201c Die weiter steigenden Belastungen liegen aber insbesondere im Bereich Asyl begr\u00fcndet, wo uns in 2016 Ausgaben in H\u00f6he von 47,5 Mio. Euro erwarten. Die Rekordeinnahmen beim Finanzausgleich und bei der Kreisumlage werden dringend ben\u00f6tigt, um diese weiter steigenden Ausgaben zahlen zu k\u00f6nnen.<\/p>\n<p>Abschlie\u00dfend dankte er Paul Hilbers, Manfred Thiel, Edeltraud Steinbild, Ingrid Cloppenburg und Dietmar Jansen f\u00fcr deren ehrenamtlichen Einsatz im Vorstand und sprach der Stiftung insgesamt ein Lob f\u00fcr ihre gute Arbeit aus.<\/p>\n<p>Text: Ingrid Cloppenburg \/ Foto: Stiftung Kinder- &amp; Jugendhilfe H\u00fcmmling<\/p>\n<div id=\"attachment_18522\" style=\"width: 310px\" class=\"wp-caption alignnone\"><a href=\"https:\/\/www.forum-soegel.de\/information\/wp-content\/uploads\/2016\/04\/Landrat-Reinhard-Winter-besucht-die-Stiftung-Kinder-Jugendhilfe-H\u00fcmmling.jpg\"><img loading=\"lazy\" decoding=\"async\" aria-describedby=\"caption-attachment-18522\" class=\"size-medium wp-image-18522\" title=\"Landrat Reinhard Winter besucht die Stiftung Kinder- &amp; Jugendhilfe H\u00fcmmling\" src=\"https:\/\/www.forum-soegel.de\/information\/wp-content\/uploads\/2016\/04\/Landrat-Reinhard-Winter-besucht-die-Stiftung-Kinder-Jugendhilfe-H\u00fcmmling-300x258.jpg\" alt=\"\" width=\"300\" height=\"258\" srcset=\"https:\/\/www.forum-soegel.de\/information\/wp-content\/uploads\/2016\/04\/Landrat-Reinhard-Winter-besucht-die-Stiftung-Kinder-Jugendhilfe-H\u00fcmmling-300x258.jpg 300w, https:\/\/www.forum-soegel.de\/information\/wp-content\/uploads\/2016\/04\/Landrat-Reinhard-Winter-besucht-die-Stiftung-Kinder-Jugendhilfe-H\u00fcmmling.jpg 892w\" sizes=\"auto, (max-width: 300px) 100vw, 300px\" \/><\/a><p id=\"caption-attachment-18522\" class=\"wp-caption-text\">: Landrat Reinhard Winter stattete der Stiftung Kinder- &amp; Jugendhilfe H\u00fcmmling in diesen Tagen einen Besuch ab und informierte sich insbesondere \u00fcber den ambulanten Dienst der Stiftung. Der ambulante Dienst betreut Kinder- und Familien in besonderen Situationen.<\/p><\/div>\n","protected":false},"excerpt":{"rendered":"S\u00f6gel &#8211; Der ambulante Dienst der Stiftung Kinder- &amp; Jugendhilfe H\u00fcmmling fand besonderes Interesse anl\u00e4sslich eines Besuches von Landrat Reinhard Winter in der Stiftung. In einem Gespr\u00e4ch mit dem Stiftungsvorstand und der Gesch\u00e4ftsf\u00fchrung informierte Winter sich \u00fcber die Arbeit der Stiftung. \u201eDie Grundlage unserer Arbeit ist das systemische Denken\u201c, erl\u00e4uterte Gesch\u00e4ftsf\u00fchrer Jos\u00e9 Teixeira. Damit habe [&hellip;]\n","protected":false},"author":2,"featured_media":0,"comment_status":"closed","ping_status":"closed","sticky":false,"template":"","format":"standard","meta":{"ngg_post_thumbnail":0,"footnotes":""},"categories":[3],"tags":[],"class_list":["post-18521","post","type-post","status-publish","format-standard","hentry","category-aktuelles-aus-der-region"],"_links":{"self":[{"href":"https:\/\/www.forum-soegel.de\/information\/wp-json\/wp\/v2\/posts\/18521","targetHints":{"allow":["GET"]}}],"collection":[{"href":"https:\/\/www.forum-soegel.de\/information\/wp-json\/wp\/v2\/posts"}],"about":[{"href":"https:\/\/www.forum-soegel.de\/information\/wp-json\/wp\/v2\/types\/post"}],"author":[{"embeddable":true,"href":"https:\/\/www.forum-soegel.de\/information\/wp-json\/wp\/v2\/users\/2"}],"replies":[{"embeddable":true,"href":"https:\/\/www.forum-soegel.de\/information\/wp-json\/wp\/v2\/comments?post=18521"}],"version-history":[{"count":1,"href":"https:\/\/www.forum-soegel.de\/information\/wp-json\/wp\/v2\/posts\/18521\/revisions"}],"predecessor-version":[{"id":18523,"href":"https:\/\/www.forum-soegel.de\/information\/wp-json\/wp\/v2\/posts\/18521\/revisions\/18523"}],"wp:attachment":[{"href":"https:\/\/www.forum-soegel.de\/information\/wp-json\/wp\/v2\/media?parent=18521"}],"wp:term":[{"taxonomy":"category","embeddable":true,"href":"https:\/\/www.forum-soegel.de\/information\/wp-json\/wp\/v2\/categories?post=18521"},{"taxonomy":"post_tag","embeddable":true,"href":"https:\/\/www.forum-soegel.de\/information\/wp-json\/wp\/v2\/tags?post=18521"}],"curies":[{"name":"wp","href":"https:\/\/api.w.org\/{rel}","templated":true}]}}