{"id":18253,"date":"2016-02-07T18:09:37","date_gmt":"2016-02-07T17:09:37","guid":{"rendered":"https:\/\/www.forum-soegel.de\/information\/?p=18253"},"modified":"2016-02-07T18:09:37","modified_gmt":"2016-02-07T17:09:37","slug":"sluderkraam-in-pollmanns-goarn","status":"publish","type":"post","link":"https:\/\/www.forum-soegel.de\/information\/2016\/02\/sluderkraam-in-pollmanns-goarn\/","title":{"rendered":"Sluderkraam in Pollmanns Goarn"},"content":{"rendered":"<p style=\"text-align: left;\" align=\"center\"><strong>\u201eKolping sp\u00e4lt Theater\u201c im Heimathaus<\/strong><\/p>\n<p>S\u00f6gel \u2013 Auch in diesem Jahr l\u00e4dt die Theatergruppe der Kolpingfamilie S\u00f6gel-Stavern zu einem plattdeutschen Theaterst\u00fcck ein. In \u201eSluderkraam in Pollmanns Goarn\u201c entgeht der Witwe Anni Pollmann nichts in ihrer Nachbarschaft in dem kleinen Ort Langenhorn. Sie h\u00e4lt ihre Nachbarn st\u00e4ndig \u00fcber alle Neuigkeiten auf dem Laufenden, \u00fcbertreibt mit ihrem Wissen aber auch ganz gerne mal. Sie l\u00e4stert \u00fcber jeden ab, ist aber auch auf jedermanns Seite und bekommt so manches Geschehnis und einige Tatsachen durcheinander. Langsam aber sicher setzt sie sich mit ihren zusammengereimten Halbwahrheiten bei allen Nachbarn in die Nesseln, weil sie ihr loses Mundwerk nicht halten kann. Als jedoch der Student Michael nach Abbruch seines Studiums bei seinen Eltern nicht mehr unterkommen kann, weil diese sein Zimmer bereits vermietet haben, Annis Neffe Heinrich mit seiner Verlobten Susanne und auch noch ein Obdachloser bei Anni um Unterkunft bitten, und sie diese alle bei sich unterbringt, wendet sich das Blatt in der Nachbarschaft. Und dann will Anni sogar noch mal heiraten\u2026<\/p>\n<p>Die Auff\u00fchrungstermine sind:<\/p>\n<p>Sonntag, 28.02.2016 Familiennachmittag um 14:30 Uhr<\/p>\n<p>Samstag, 05.03.2016<\/p>\n<p>Sonntag, 06.03.2016<\/p>\n<p>Freitag, 11.03. 2016<\/p>\n<p>Samstag, 12.03.2016 jeweils immer um 19:30<\/p>\n<p>Text\/Foto: Peter B\u00f6gemann<\/p>\n<p><a href=\"https:\/\/www.forum-soegel.de\/information\/wp-content\/uploads\/2016\/02\/Sluderkraam-in-Pollmanns-Goarn.jpg\"><img loading=\"lazy\" decoding=\"async\" class=\"alignnone size-medium wp-image-18254\" title=\"Sluderkraam in Pollmanns Goarn\" src=\"https:\/\/www.forum-soegel.de\/information\/wp-content\/uploads\/2016\/02\/Sluderkraam-in-Pollmanns-Goarn-300x168.jpg\" alt=\"\" width=\"300\" height=\"168\" srcset=\"https:\/\/www.forum-soegel.de\/information\/wp-content\/uploads\/2016\/02\/Sluderkraam-in-Pollmanns-Goarn-300x168.jpg 300w, https:\/\/www.forum-soegel.de\/information\/wp-content\/uploads\/2016\/02\/Sluderkraam-in-Pollmanns-Goarn.jpg 1024w\" sizes=\"auto, (max-width: 300px) 100vw, 300px\" \/><\/a><\/p>\n<p>&nbsp;<\/p>\n","protected":false},"excerpt":{"rendered":"\u201eKolping sp\u00e4lt Theater\u201c im Heimathaus S\u00f6gel \u2013 Auch in diesem Jahr l\u00e4dt die Theatergruppe der Kolpingfamilie S\u00f6gel-Stavern zu einem plattdeutschen Theaterst\u00fcck ein. In \u201eSluderkraam in Pollmanns Goarn\u201c entgeht der Witwe Anni Pollmann nichts in ihrer Nachbarschaft in dem kleinen Ort Langenhorn. Sie h\u00e4lt ihre Nachbarn st\u00e4ndig \u00fcber alle Neuigkeiten auf dem Laufenden, \u00fcbertreibt mit ihrem [&hellip;]\n","protected":false},"author":2,"featured_media":0,"comment_status":"closed","ping_status":"closed","sticky":false,"template":"","format":"standard","meta":{"ngg_post_thumbnail":0,"footnotes":""},"categories":[3],"tags":[],"class_list":["post-18253","post","type-post","status-publish","format-standard","hentry","category-aktuelles-aus-der-region"],"_links":{"self":[{"href":"https:\/\/www.forum-soegel.de\/information\/wp-json\/wp\/v2\/posts\/18253","targetHints":{"allow":["GET"]}}],"collection":[{"href":"https:\/\/www.forum-soegel.de\/information\/wp-json\/wp\/v2\/posts"}],"about":[{"href":"https:\/\/www.forum-soegel.de\/information\/wp-json\/wp\/v2\/types\/post"}],"author":[{"embeddable":true,"href":"https:\/\/www.forum-soegel.de\/information\/wp-json\/wp\/v2\/users\/2"}],"replies":[{"embeddable":true,"href":"https:\/\/www.forum-soegel.de\/information\/wp-json\/wp\/v2\/comments?post=18253"}],"version-history":[{"count":1,"href":"https:\/\/www.forum-soegel.de\/information\/wp-json\/wp\/v2\/posts\/18253\/revisions"}],"predecessor-version":[{"id":18255,"href":"https:\/\/www.forum-soegel.de\/information\/wp-json\/wp\/v2\/posts\/18253\/revisions\/18255"}],"wp:attachment":[{"href":"https:\/\/www.forum-soegel.de\/information\/wp-json\/wp\/v2\/media?parent=18253"}],"wp:term":[{"taxonomy":"category","embeddable":true,"href":"https:\/\/www.forum-soegel.de\/information\/wp-json\/wp\/v2\/categories?post=18253"},{"taxonomy":"post_tag","embeddable":true,"href":"https:\/\/www.forum-soegel.de\/information\/wp-json\/wp\/v2\/tags?post=18253"}],"curies":[{"name":"wp","href":"https:\/\/api.w.org\/{rel}","templated":true}]}}