{"id":18248,"date":"2016-02-07T18:05:40","date_gmt":"2016-02-07T17:05:40","guid":{"rendered":"https:\/\/www.forum-soegel.de\/information\/?p=18248"},"modified":"2016-02-07T18:05:40","modified_gmt":"2016-02-07T17:05:40","slug":"emslandmuseum-schloss-clemenswerth-informiert-februar-2016","status":"publish","type":"post","link":"https:\/\/www.forum-soegel.de\/information\/2016\/02\/emslandmuseum-schloss-clemenswerth-informiert-februar-2016\/","title":{"rendered":"Emslandmuseum Schloss Clemenswerth informiert &#8211; Februar 2016"},"content":{"rendered":"<p><img loading=\"lazy\" decoding=\"async\" class=\"alignleft size-full wp-image-17258\" title=\"Schloss Clemenswerth\" src=\"https:\/\/www.forum-soegel.de\/information\/wp-content\/uploads\/2015\/09\/Schloss-Clemenswerth.jpg\" alt=\"\" width=\"201\" height=\"130\" \/>Anmeldungen bei allen Veranstaltungen erbeten unter Tel. 05952\/932325<\/p>\n<p>Do 11.02. | 15.30 &#8211; 16.30 Uhr<\/p>\n<p><strong>Schlossf\u00fchrung f\u00fcr Kinder<\/strong><\/p>\n<p>Kinder 4 \u20ac<\/p>\n<p>Kleine Besucher machen sich auf die Reise in die Zeit von Clemens August und lernen dabei allerhand \u00fcber die Schlossanlage.<\/p>\n<p>&nbsp;<\/p>\n<p>Do 18.02. | 18.30 Uhr<\/p>\n<p><strong>Taschenlampenf\u00fchrung f\u00fcr Erwachsene<\/strong><\/p>\n<p>Erw. 8 \u20ac<\/p>\n<p>Mit der Taschenlampe werden Schloss und Kellerr\u00e4ume erkundet. Es wird Spannendes aus dem Alltag der Adeligen und Dienstboten berichtet. Bitte Taschenlampe mitbringen.<\/p>\n<p>&nbsp;<\/p>\n<p>Do 25.02. | 17.30 Uhr<\/p>\n<p><strong>Taschenlampenf\u00fchrung f\u00fcr Kinder<\/strong><\/p>\n<p>Kinder 4 \u20ac<\/p>\n<p>Die Schlossanlage im Dunkeln zu erkunden, ist an diesem Termin ein Erlebnis nur f\u00fcr die Kleinen. Bitte Taschenlampe mitbringen.<\/p>\n<p>&nbsp;<\/p>\n<p>So 28.02. | 15 Uhr<\/p>\n<p><strong>Familienspa\u00df: Kakao \u2013 Das neue Getr\u00e4nk im Barock<\/strong><\/p>\n<p>Erw. 8 \u20ac, Kinder 4 \u20ac<\/p>\n<p>Es wird Spannendes \u00fcber die Herstellung und den Genuss von Kakao im Barock berichtet. Anschlie\u00dfend wird nach historischem Rezept hei\u00dfe Schokolade hergestellt.<\/p>\n<p>&nbsp;<\/p>\n","protected":false},"excerpt":{"rendered":"Anmeldungen bei allen Veranstaltungen erbeten unter Tel. 05952\/932325 Do 11.02. | 15.30 &#8211; 16.30 Uhr Schlossf\u00fchrung f\u00fcr Kinder Kinder 4 \u20ac Kleine Besucher machen sich auf die Reise in die Zeit von Clemens August und lernen dabei allerhand \u00fcber die Schlossanlage. &nbsp; Do 18.02. | 18.30 Uhr Taschenlampenf\u00fchrung f\u00fcr Erwachsene Erw. 8 \u20ac Mit der [&hellip;]\n","protected":false},"author":2,"featured_media":0,"comment_status":"closed","ping_status":"closed","sticky":false,"template":"","format":"standard","meta":{"ngg_post_thumbnail":0,"footnotes":""},"categories":[3],"tags":[],"class_list":["post-18248","post","type-post","status-publish","format-standard","hentry","category-aktuelles-aus-der-region"],"_links":{"self":[{"href":"https:\/\/www.forum-soegel.de\/information\/wp-json\/wp\/v2\/posts\/18248","targetHints":{"allow":["GET"]}}],"collection":[{"href":"https:\/\/www.forum-soegel.de\/information\/wp-json\/wp\/v2\/posts"}],"about":[{"href":"https:\/\/www.forum-soegel.de\/information\/wp-json\/wp\/v2\/types\/post"}],"author":[{"embeddable":true,"href":"https:\/\/www.forum-soegel.de\/information\/wp-json\/wp\/v2\/users\/2"}],"replies":[{"embeddable":true,"href":"https:\/\/www.forum-soegel.de\/information\/wp-json\/wp\/v2\/comments?post=18248"}],"version-history":[{"count":1,"href":"https:\/\/www.forum-soegel.de\/information\/wp-json\/wp\/v2\/posts\/18248\/revisions"}],"predecessor-version":[{"id":18249,"href":"https:\/\/www.forum-soegel.de\/information\/wp-json\/wp\/v2\/posts\/18248\/revisions\/18249"}],"wp:attachment":[{"href":"https:\/\/www.forum-soegel.de\/information\/wp-json\/wp\/v2\/media?parent=18248"}],"wp:term":[{"taxonomy":"category","embeddable":true,"href":"https:\/\/www.forum-soegel.de\/information\/wp-json\/wp\/v2\/categories?post=18248"},{"taxonomy":"post_tag","embeddable":true,"href":"https:\/\/www.forum-soegel.de\/information\/wp-json\/wp\/v2\/tags?post=18248"}],"curies":[{"name":"wp","href":"https:\/\/api.w.org\/{rel}","templated":true}]}}