{"id":18205,"date":"2016-02-07T17:40:40","date_gmt":"2016-02-07T16:40:40","guid":{"rendered":"https:\/\/www.forum-soegel.de\/information\/?p=18205"},"modified":"2016-02-07T17:41:18","modified_gmt":"2016-02-07T16:41:18","slug":"trainerwechsel-beim-tennisverein-rot-gold-sogel-e-v","status":"publish","type":"post","link":"https:\/\/www.forum-soegel.de\/information\/2016\/02\/trainerwechsel-beim-tennisverein-rot-gold-sogel-e-v\/","title":{"rendered":"Trainerwechsel beim Tennisverein Rot-Gold S\u00f6gel e.V."},"content":{"rendered":"<p>S\u00f6gel &#8211; Am 1. Dezember 2015 hat unser langj\u00e4hriger Trainer Thomas Grzenkowicz das Vereinstraining des TV Rot Gold S\u00f6gel\u00a0an\u00a0Arne Kulkmann aus S\u00f6gel \u00fcbergeben. Arne \u00fcbernimmt ebenfalls die Verantwortung f\u00fcr den Spielbetrieb der Tennishalle.<\/p>\n<p><a href=\"https:\/\/www.forum-soegel.de\/information\/wp-content\/uploads\/2016\/02\/Trainerwechsel-beim-Tennisverein-Rot-Gold-S\u00f6gel-e.V.1.jpg\"><img loading=\"lazy\" decoding=\"async\" class=\"alignleft size-thumbnail wp-image-18208\" title=\"Trainerwechsel beim Tennisverein Rot-Gold S\u00f6gel e.V.\" src=\"https:\/\/www.forum-soegel.de\/information\/wp-content\/uploads\/2016\/02\/Trainerwechsel-beim-Tennisverein-Rot-Gold-S\u00f6gel-e.V.1-150x150.jpg\" alt=\"\" width=\"150\" height=\"150\" \/><\/a>Hallo liebe S\u00f6geler Tennisfans,<\/p>\n<p>mein Name ist Arne Kulkmann, ich bin 28 Jahre alt und seit meinem sechsten Lebensjahr Mitglied im Tennisverein Rot-Gold S\u00f6gel. Im Alter von sechs Jahren bin ich durch meine Eltern zum Tennissport gekommen und seitdem begeisterter Tennisspieler. In diesen 22 Jahren habe ich immer wieder an Punktspielen teilgenommen, genauso wie am Vereinsleben.<\/p>\n<p>Vor acht Jahren habe ich beschlossen, mein liebstes Hobby weiter auszubauen und daf\u00fcr die Fortbildung\u00a0\u201eTennistrainer C-Lizenz&#8220; absolviert. Seitdem war ich in einigen emsl\u00e4ndischen Vereinen als Trainer t\u00e4tig.<\/p>\n<p>Nach Beendigung meines Studiums der Sport- und Sozialwissenschaften hat es sich ergeben, diesen Beruf hauptberuflich auszu\u00fcben, und was gibt es Sch\u00f6neres, \u00a0als sein Hobby zum Beruf zu machen und jedem, ob Jung oder Alt, diesen Sport n\u00e4herzubringen und beizubringen.<\/p>\n<p>Ich freue mich auf eine lange und gute Zusammenarbeit!!!<\/p>\n<p>Mit sportlichen Gr\u00fc\u00dfen<\/p>\n<p>Arne Kulkmann<\/p>\n<p>Text\/Foto: Tennisverein<\/p>\n<p>&nbsp;<\/p>\n<p>&nbsp;<\/p>\n","protected":false},"excerpt":{"rendered":"S\u00f6gel &#8211; Am 1. Dezember 2015 hat unser langj\u00e4hriger Trainer Thomas Grzenkowicz das Vereinstraining des TV Rot Gold S\u00f6gel\u00a0an\u00a0Arne Kulkmann aus S\u00f6gel \u00fcbergeben. Arne \u00fcbernimmt ebenfalls die Verantwortung f\u00fcr den Spielbetrieb der Tennishalle. Hallo liebe S\u00f6geler Tennisfans, mein Name ist Arne Kulkmann, ich bin 28 Jahre alt und seit meinem sechsten Lebensjahr Mitglied im Tennisverein [&hellip;]\n","protected":false},"author":2,"featured_media":0,"comment_status":"closed","ping_status":"closed","sticky":false,"template":"","format":"standard","meta":{"ngg_post_thumbnail":0,"footnotes":""},"categories":[5],"tags":[],"class_list":["post-18205","post","type-post","status-publish","format-standard","hentry","category-was-machen-die-vereine"],"_links":{"self":[{"href":"https:\/\/www.forum-soegel.de\/information\/wp-json\/wp\/v2\/posts\/18205","targetHints":{"allow":["GET"]}}],"collection":[{"href":"https:\/\/www.forum-soegel.de\/information\/wp-json\/wp\/v2\/posts"}],"about":[{"href":"https:\/\/www.forum-soegel.de\/information\/wp-json\/wp\/v2\/types\/post"}],"author":[{"embeddable":true,"href":"https:\/\/www.forum-soegel.de\/information\/wp-json\/wp\/v2\/users\/2"}],"replies":[{"embeddable":true,"href":"https:\/\/www.forum-soegel.de\/information\/wp-json\/wp\/v2\/comments?post=18205"}],"version-history":[{"count":2,"href":"https:\/\/www.forum-soegel.de\/information\/wp-json\/wp\/v2\/posts\/18205\/revisions"}],"predecessor-version":[{"id":18209,"href":"https:\/\/www.forum-soegel.de\/information\/wp-json\/wp\/v2\/posts\/18205\/revisions\/18209"}],"wp:attachment":[{"href":"https:\/\/www.forum-soegel.de\/information\/wp-json\/wp\/v2\/media?parent=18205"}],"wp:term":[{"taxonomy":"category","embeddable":true,"href":"https:\/\/www.forum-soegel.de\/information\/wp-json\/wp\/v2\/categories?post=18205"},{"taxonomy":"post_tag","embeddable":true,"href":"https:\/\/www.forum-soegel.de\/information\/wp-json\/wp\/v2\/tags?post=18205"}],"curies":[{"name":"wp","href":"https:\/\/api.w.org\/{rel}","templated":true}]}}