{"id":18199,"date":"2016-02-07T17:36:16","date_gmt":"2016-02-07T16:36:16","guid":{"rendered":"https:\/\/www.forum-soegel.de\/information\/?p=18199"},"modified":"2016-02-07T17:36:16","modified_gmt":"2016-02-07T16:36:16","slug":"neues-mehrzweckgebaude-fur-den-heimatverein-borger-e-v-mit-unterstutzung-der-emslandischen-sparkassenstiftung","status":"publish","type":"post","link":"https:\/\/www.forum-soegel.de\/information\/2016\/02\/neues-mehrzweckgebaude-fur-den-heimatverein-borger-e-v-mit-unterstutzung-der-emslandischen-sparkassenstiftung\/","title":{"rendered":"Neues Mehrzweckgeb\u00e4ude f\u00fcr den Heimatverein B\u00f6rger e.V. mit Unterst\u00fctzung der Emsl\u00e4ndischen Sparkassenstiftung"},"content":{"rendered":"<p>B\u00f6rger &#8211; F\u00fcr die Aktivit\u00e4ten des Heimatvereins B\u00f6rger e.V. werden in Zukunft mehr R\u00e4umlichkeiten zur Verf\u00fcgung stehen: Auf dem Heimathof entsteht ein neues Mehrzweckgeb\u00e4ude. Die Zeiten, in denen die Arbeit des Vereins durch Platzmangel eingeschr\u00e4nkt wurde, geh\u00f6ren dann der Vergangenheit an.<\/p>\n<p>Die Sparkassenstiftung f\u00f6rdert dieses Vorhaben mit 10 000 Euro. Ludwig Momann als Mitglied des Stiftungsrates und zugleich Vorstandsvorsitzender der Sparkasse Emsland \u00fcbergab nun den symbolischen F\u00f6rderscheck an Hermann Schmitz, erster Vorsitzender des Heimatvereins. Schmitz nahm den Scheck zusammen mit weiteren Vertretern des Vereins und der Gemeinde entgegen.<\/p>\n<p>Das neue Mehrzweckgeb\u00e4ude wird nach dem Abschluss des Bauvorhabens vielseitig genutzt: Historische Artefakte werden der \u00d6ffentlichkeit zug\u00e4nglich gemacht. Dar\u00fcber hinaus wird eine Anlaufstelle f\u00fcr Interessierte von Nah und Fern geschaffen, die zu Fu\u00df oder mit dem Rad auf dem H\u00fcmmlinger Pilgerweg unterwegs sind. Letztlich bietet das neue Geb\u00e4ude dem Verein Arbeitsr\u00e4ume und kann als Archiv genutzt werden.<\/p>\n<p>Damit entspricht die Arbeit des Heimatvereins B\u00f6rger mehrfach den F\u00f6rderschwerpunkten der Emsl\u00e4ndischen Sparkassenstiftung, bestehend aus den Bereichen Kunst, Kultur, Heimatgedanke und Sport.<\/p>\n<p>\u201eF\u00fcr die Arbeit unseres Vereins hat der Bau dieses Geb\u00e4udes nahe der ehemaligen Zehntenscheune eine gro\u00dfe Bedeutung\u201c, beschrieb Schmitz das Bauprojekt. Bei einem Rundgang zeigte er den Anwesenden die Heimathausanlage B\u00f6rger, auf der das neue Geb\u00e4ude entsteht. \u201e Durch die Unterst\u00fctzung der Sparkassenstiftung k\u00f6nnen wir hier in Zukunft einen gro\u00dfen Mehrwert f\u00fcr die Bewohner und Besucher unseres Ortes schaffen\u201c, so Schmitz weiter.<\/p>\n<p>Schmitz dankte dem Samtgemeindeb\u00fcrgermeister G\u00fcnter Wigbers, der die Bauma\u00dfnahme Zehntenscheune durch die Vermittlung von Wandergesellen vor rund einem Jahr angeschoben hatte. Mit ihnen und dem ehrenamtlichen Einsatz vieler B\u00fcrger und Vereine aus B\u00f6rger war es gelungen, den lang gehegten Wunsch des Heimatvereins nach einer Zehntenscheune umzusetzen.<\/p>\n<p>\u201eEs ist wichtig, die Geschichte seiner eigenen Heimat zu kennen\u201c, sagte Momann w\u00e4hrend des Rundgangs. \u201eUmso mehr freut es mich, dass wir den Heimatverein B\u00f6rger bei dieser wichtigen Aufgabe unterst\u00fctzen k\u00f6nnen.\u201c<\/p>\n<p>Seit Gr\u00fcndung der Emsl\u00e4ndischen Sparkassenstiftung im Jahr 1995 wurden insgesamt bereits \u00fcber 8,2 Millionen Euro an F\u00f6rdergeldern ausgezahlt. Dabei entfielen rund 3,4 Millionen Euro auf den Kulturbereich, 2,6 Millionen Euro wurden zur Unterst\u00fctzung von Sportprojekten vergeben und der Heimatgedanke wurde mit \u00fcber 2,2 Millionen Euro unterst\u00fctzt.<\/p>\n<p>Text: Ingrid Cloppenburg \/ Foto: Samtgemeinde S\u00f6gel<\/p>\n<div id=\"attachment_18200\" style=\"width: 310px\" class=\"wp-caption alignnone\"><a href=\"https:\/\/www.forum-soegel.de\/information\/wp-content\/uploads\/2016\/02\/Neues-Mehrzweckgeb\u00e4ude-f\u00fcr-den-Heimatverein-B\u00f6rger.jpg\"><img loading=\"lazy\" decoding=\"async\" aria-describedby=\"caption-attachment-18200\" class=\"size-medium wp-image-18200\" title=\"Neues Mehrzweckgeb\u00e4ude f\u00fcr den Heimatverein B\u00f6rger\" src=\"https:\/\/www.forum-soegel.de\/information\/wp-content\/uploads\/2016\/02\/Neues-Mehrzweckgeb\u00e4ude-f\u00fcr-den-Heimatverein-B\u00f6rger-300x173.jpg\" alt=\"\" width=\"300\" height=\"173\" srcset=\"https:\/\/www.forum-soegel.de\/information\/wp-content\/uploads\/2016\/02\/Neues-Mehrzweckgeb\u00e4ude-f\u00fcr-den-Heimatverein-B\u00f6rger-300x173.jpg 300w, https:\/\/www.forum-soegel.de\/information\/wp-content\/uploads\/2016\/02\/Neues-Mehrzweckgeb\u00e4ude-f\u00fcr-den-Heimatverein-B\u00f6rger.jpg 1024w\" sizes=\"auto, (max-width: 300px) 100vw, 300px\" \/><\/a><p id=\"caption-attachment-18200\" class=\"wp-caption-text\">Ludwig Momann von der Emsl\u00e4ndischen Sparkassenstiftung \u00fcbergab im Beisein von Vertretern der Gemeinde B\u00f6rger und Samtgemeinde S\u00f6gel dem Heimatverein einen Scheck in H\u00f6he von 10.000 Euro f\u00fcr den weiteren Ausbau eines Mehrzweckgeb\u00e4udes.<\/p><\/div>\n","protected":false},"excerpt":{"rendered":"B\u00f6rger &#8211; F\u00fcr die Aktivit\u00e4ten des Heimatvereins B\u00f6rger e.V. werden in Zukunft mehr R\u00e4umlichkeiten zur Verf\u00fcgung stehen: Auf dem Heimathof entsteht ein neues Mehrzweckgeb\u00e4ude. Die Zeiten, in denen die Arbeit des Vereins durch Platzmangel eingeschr\u00e4nkt wurde, geh\u00f6ren dann der Vergangenheit an. Die Sparkassenstiftung f\u00f6rdert dieses Vorhaben mit 10 000 Euro. Ludwig Momann als Mitglied des [&hellip;]\n","protected":false},"author":2,"featured_media":0,"comment_status":"closed","ping_status":"closed","sticky":false,"template":"","format":"standard","meta":{"ngg_post_thumbnail":0,"footnotes":""},"categories":[5],"tags":[],"class_list":["post-18199","post","type-post","status-publish","format-standard","hentry","category-was-machen-die-vereine"],"_links":{"self":[{"href":"https:\/\/www.forum-soegel.de\/information\/wp-json\/wp\/v2\/posts\/18199","targetHints":{"allow":["GET"]}}],"collection":[{"href":"https:\/\/www.forum-soegel.de\/information\/wp-json\/wp\/v2\/posts"}],"about":[{"href":"https:\/\/www.forum-soegel.de\/information\/wp-json\/wp\/v2\/types\/post"}],"author":[{"embeddable":true,"href":"https:\/\/www.forum-soegel.de\/information\/wp-json\/wp\/v2\/users\/2"}],"replies":[{"embeddable":true,"href":"https:\/\/www.forum-soegel.de\/information\/wp-json\/wp\/v2\/comments?post=18199"}],"version-history":[{"count":1,"href":"https:\/\/www.forum-soegel.de\/information\/wp-json\/wp\/v2\/posts\/18199\/revisions"}],"predecessor-version":[{"id":18201,"href":"https:\/\/www.forum-soegel.de\/information\/wp-json\/wp\/v2\/posts\/18199\/revisions\/18201"}],"wp:attachment":[{"href":"https:\/\/www.forum-soegel.de\/information\/wp-json\/wp\/v2\/media?parent=18199"}],"wp:term":[{"taxonomy":"category","embeddable":true,"href":"https:\/\/www.forum-soegel.de\/information\/wp-json\/wp\/v2\/categories?post=18199"},{"taxonomy":"post_tag","embeddable":true,"href":"https:\/\/www.forum-soegel.de\/information\/wp-json\/wp\/v2\/tags?post=18199"}],"curies":[{"name":"wp","href":"https:\/\/api.w.org\/{rel}","templated":true}]}}