{"id":18195,"date":"2016-02-07T17:34:40","date_gmt":"2016-02-07T16:34:40","guid":{"rendered":"https:\/\/www.forum-soegel.de\/information\/?p=18195"},"modified":"2016-02-07T17:34:40","modified_gmt":"2016-02-07T16:34:40","slug":"eintracht-ehrte-tischtennis-urgesteine","status":"publish","type":"post","link":"https:\/\/www.forum-soegel.de\/information\/2016\/02\/eintracht-ehrte-tischtennis-urgesteine\/","title":{"rendered":"Eintracht ehrte Tischtennis-Urgesteine"},"content":{"rendered":"<p style=\"text-align: left;\" align=\"center\"><strong>Festkommers in B\u00f6rger &#8211; 50 Jahre Tischtennis<\/strong><\/p>\n<p>B\u00f6rger &#8211; 50 Jahre Tischtennis in B\u00f6rger wurden noch einmal im Zeitraffer durchlebt, eine Historie mit vielen H\u00f6hepunkten und vergleichsweise wenigen Tiefen.<\/p>\n<p>In der Summe stehen 29 Mannschaftstitel, 20 Siege im Kreispokal, der Gewinn eines Bezirkspokals und viele individuelle Erfolge zu Buche. Alois Geers, der als Abteilungsleiter 40 Jahre f\u00fcr die Geschicke der Sparte verantwortlich zeichnete, lie\u00df als Festredner noch einmal eine einzigartige Erfolgsserie und gemeinsame Erlebnisse Revue passieren.<\/p>\n<p>Eine besondere Konstanz kennzeichnet die Tischtennis-Sparte, denn mit Bernd Kossenjans ist der jetzige Abteilungsleiter auch bereits seit acht Jahren im Amt.<\/p>\n<p>Zwangsl\u00e4ufig standen an diesem Kommersabend besondere Ehrungen im Vordergrund. Mehrfach geehrt wurden zwei Pers\u00f6nlichkeiten, die den<\/p>\n<p>Tischtennis-Sport in B\u00f6rger ma\u00dfgeblich gepr\u00e4gt haben. Alois Geers, aktiver Spieler und langj\u00e4hriger Spartenleiter war auch \u00fcberregional als Funktionstr\u00e4ger t\u00e4tig. So verwaltete er die Kasse des Sportkreises Emsland\/Nord von 1977 bis 87, als Schatzmeister des emsl\u00e4ndischen Kreisverbandes war er von 1977 bis 88 im Amt.<\/p>\n<p>Sportliche Leitfigur des Klubs war \u00fcber Jahrzehnte Thea Weber. Als Spielerin war sie f\u00fcr Eintracht 30 Jahre in der Kreis-, Bezirks- und Landesliga aktiv. Ihre gr\u00f6\u00dften sportlichen Erfolge feierte sie als Kreismeisterin der Klasse Damen A 1980 und 81. Au\u00dferdem war sie im ehrenamtlichen Bereich t\u00e4tig. Dank ihres Engagements marschierten die m\u00e4nnliche Jugend (1991 und 1997) und die Sch\u00fcler (1994) in die Bezirksklasse.<\/p>\n<p>Der Vereinsvorsitzende Jan Heinemann w\u00fcrdigte in seiner Laudatio die Verdienste dieses Vorbild-Duos. Der emsl\u00e4ndische Kreisverband, vertreten durch den Vorsitzenden Andreas Heunisch und den Ehrenvorsitzenden Franz von Garrel, dekorierte beide mit der goldenen Ehrennadel.<\/p>\n<p>Der \u00dcberraschungsgast des Abends war G\u00fcnther B\u00fcltel, ehemaliger Pastor der Gemeinde. Als geistlicher Beirat des DJK-Di\u00f6zesanverbandes Osnabr\u00fcck \u00fcberreichte er Alois Geers f\u00fcr seine Verdienste das Ludwig-Wolker-Relief. Thea Weber zeichnete er mit der DJK-Ehrennadel aus.<\/p>\n<p>Text\/Foto: Georg Bruns<\/p>\n<div id=\"attachment_18196\" style=\"width: 310px\" class=\"wp-caption alignnone\"><a href=\"https:\/\/www.forum-soegel.de\/information\/wp-content\/uploads\/2016\/02\/Eintracht-ehrte-Tischtennis-Urgesteine.jpg\"><img loading=\"lazy\" decoding=\"async\" aria-describedby=\"caption-attachment-18196\" class=\"size-medium wp-image-18196\" title=\"Eintracht ehrte Tischtennis-Urgesteine\" src=\"https:\/\/www.forum-soegel.de\/information\/wp-content\/uploads\/2016\/02\/Eintracht-ehrte-Tischtennis-Urgesteine-300x225.jpg\" alt=\"\" width=\"300\" height=\"225\" srcset=\"https:\/\/www.forum-soegel.de\/information\/wp-content\/uploads\/2016\/02\/Eintracht-ehrte-Tischtennis-Urgesteine-300x225.jpg 300w, https:\/\/www.forum-soegel.de\/information\/wp-content\/uploads\/2016\/02\/Eintracht-ehrte-Tischtennis-Urgesteine.jpg 1024w\" sizes=\"auto, (max-width: 300px) 100vw, 300px\" \/><\/a><p id=\"caption-attachment-18196\" class=\"wp-caption-text\">Verdienste von G\u00fcnther B\u00fcltel (rechts) w\u00fcrdigten Alois Geers und Thea Weber<\/p><\/div>\n","protected":false},"excerpt":{"rendered":"Festkommers in B\u00f6rger &#8211; 50 Jahre Tischtennis B\u00f6rger &#8211; 50 Jahre Tischtennis in B\u00f6rger wurden noch einmal im Zeitraffer durchlebt, eine Historie mit vielen H\u00f6hepunkten und vergleichsweise wenigen Tiefen. In der Summe stehen 29 Mannschaftstitel, 20 Siege im Kreispokal, der Gewinn eines Bezirkspokals und viele individuelle Erfolge zu Buche. Alois Geers, der als Abteilungsleiter 40 [&hellip;]\n","protected":false},"author":2,"featured_media":0,"comment_status":"closed","ping_status":"closed","sticky":false,"template":"","format":"standard","meta":{"ngg_post_thumbnail":0,"footnotes":""},"categories":[5],"tags":[],"class_list":["post-18195","post","type-post","status-publish","format-standard","hentry","category-was-machen-die-vereine"],"_links":{"self":[{"href":"https:\/\/www.forum-soegel.de\/information\/wp-json\/wp\/v2\/posts\/18195","targetHints":{"allow":["GET"]}}],"collection":[{"href":"https:\/\/www.forum-soegel.de\/information\/wp-json\/wp\/v2\/posts"}],"about":[{"href":"https:\/\/www.forum-soegel.de\/information\/wp-json\/wp\/v2\/types\/post"}],"author":[{"embeddable":true,"href":"https:\/\/www.forum-soegel.de\/information\/wp-json\/wp\/v2\/users\/2"}],"replies":[{"embeddable":true,"href":"https:\/\/www.forum-soegel.de\/information\/wp-json\/wp\/v2\/comments?post=18195"}],"version-history":[{"count":2,"href":"https:\/\/www.forum-soegel.de\/information\/wp-json\/wp\/v2\/posts\/18195\/revisions"}],"predecessor-version":[{"id":18198,"href":"https:\/\/www.forum-soegel.de\/information\/wp-json\/wp\/v2\/posts\/18195\/revisions\/18198"}],"wp:attachment":[{"href":"https:\/\/www.forum-soegel.de\/information\/wp-json\/wp\/v2\/media?parent=18195"}],"wp:term":[{"taxonomy":"category","embeddable":true,"href":"https:\/\/www.forum-soegel.de\/information\/wp-json\/wp\/v2\/categories?post=18195"},{"taxonomy":"post_tag","embeddable":true,"href":"https:\/\/www.forum-soegel.de\/information\/wp-json\/wp\/v2\/tags?post=18195"}],"curies":[{"name":"wp","href":"https:\/\/api.w.org\/{rel}","templated":true}]}}