{"id":18191,"date":"2016-02-07T17:32:00","date_gmt":"2016-02-07T16:32:00","guid":{"rendered":"https:\/\/www.forum-soegel.de\/information\/?p=18191"},"modified":"2016-02-07T17:32:00","modified_gmt":"2016-02-07T16:32:00","slug":"der-heimatverein-sagt-danke","status":"publish","type":"post","link":"https:\/\/www.forum-soegel.de\/information\/2016\/02\/der-heimatverein-sagt-danke\/","title":{"rendered":"Der Heimatverein sagt danke"},"content":{"rendered":"<p align=\"left\">S\u00f6gel &#8211; Anl\u00e4sslich des Weihnachtsmarktes auf dem Heimathof \u2013 wir berichteten dar\u00fcber \u2013 haben die im alten Rathaus in S\u00f6gel wohnenden Sudanesen selbst gekochte sudanesische Spezialit\u00e4ten verkauft.<\/p>\n<p align=\"left\">Das ist nicht zuletzt dadurch gelungen, dass Monika Neumaier eingekauft und ihre K\u00fcche zur Verf\u00fcgung gestellt hat.<\/p>\n<p align=\"left\">Einen Tag vor Heilig Abend konnte nun ein stattlicher Betrag als Erl\u00f6s vor gleicher Kulisse an die beiden K\u00f6che Adam und Osman \u00fcbergeben werden.<\/p>\n<p align=\"left\">Willi Masbaum, Vorsitzender des\u00a0 Heimatvereins, fand herzliche Dankesworte und Monika Neumaier regte ein weiteres Kochevent an.<\/p>\n<p align=\"left\">Die Umschl\u00e4ge werden von Adam und Osman den weiteren \u201eAkteuren\u201c Omer, Fiez, Hassan und Mazzen \u00fcbergeben.<\/p>\n<p align=\"left\">Der Heimatverein w\u00fcnschte frohe Weihnachten.<\/p>\n<p align=\"left\">Text\/Foto: Klaus Sch\u00e4ffner<\/p>\n<p align=\"left\"><a href=\"https:\/\/www.forum-soegel.de\/information\/wp-content\/uploads\/2016\/02\/Der-Heimatverein-sagt-danke1.jpg\"><img loading=\"lazy\" decoding=\"async\" class=\"alignnone size-thumbnail wp-image-18192\" title=\"Der Heimatverein sagt danke1\" src=\"https:\/\/www.forum-soegel.de\/information\/wp-content\/uploads\/2016\/02\/Der-Heimatverein-sagt-danke1-150x150.jpg\" alt=\"\" width=\"150\" height=\"150\" \/><\/a>\u00a0\u00a0<a href=\"https:\/\/www.forum-soegel.de\/information\/wp-content\/uploads\/2016\/02\/Der-Heimatverein-sagt-danke2.jpg\"><img loading=\"lazy\" decoding=\"async\" class=\"alignnone size-thumbnail wp-image-18193\" title=\"Der Heimatverein sagt danke2\" src=\"https:\/\/www.forum-soegel.de\/information\/wp-content\/uploads\/2016\/02\/Der-Heimatverein-sagt-danke2-150x150.jpg\" alt=\"\" width=\"150\" height=\"150\" \/><\/a><\/p>\n","protected":false},"excerpt":{"rendered":"S\u00f6gel &#8211; Anl\u00e4sslich des Weihnachtsmarktes auf dem Heimathof \u2013 wir berichteten dar\u00fcber \u2013 haben die im alten Rathaus in S\u00f6gel wohnenden Sudanesen selbst gekochte sudanesische Spezialit\u00e4ten verkauft. Das ist nicht zuletzt dadurch gelungen, dass Monika Neumaier eingekauft und ihre K\u00fcche zur Verf\u00fcgung gestellt hat. Einen Tag vor Heilig Abend konnte nun ein stattlicher Betrag als [&hellip;]\n","protected":false},"author":2,"featured_media":0,"comment_status":"closed","ping_status":"closed","sticky":false,"template":"","format":"standard","meta":{"ngg_post_thumbnail":0,"footnotes":""},"categories":[5],"tags":[],"class_list":["post-18191","post","type-post","status-publish","format-standard","hentry","category-was-machen-die-vereine"],"_links":{"self":[{"href":"https:\/\/www.forum-soegel.de\/information\/wp-json\/wp\/v2\/posts\/18191","targetHints":{"allow":["GET"]}}],"collection":[{"href":"https:\/\/www.forum-soegel.de\/information\/wp-json\/wp\/v2\/posts"}],"about":[{"href":"https:\/\/www.forum-soegel.de\/information\/wp-json\/wp\/v2\/types\/post"}],"author":[{"embeddable":true,"href":"https:\/\/www.forum-soegel.de\/information\/wp-json\/wp\/v2\/users\/2"}],"replies":[{"embeddable":true,"href":"https:\/\/www.forum-soegel.de\/information\/wp-json\/wp\/v2\/comments?post=18191"}],"version-history":[{"count":1,"href":"https:\/\/www.forum-soegel.de\/information\/wp-json\/wp\/v2\/posts\/18191\/revisions"}],"predecessor-version":[{"id":18194,"href":"https:\/\/www.forum-soegel.de\/information\/wp-json\/wp\/v2\/posts\/18191\/revisions\/18194"}],"wp:attachment":[{"href":"https:\/\/www.forum-soegel.de\/information\/wp-json\/wp\/v2\/media?parent=18191"}],"wp:term":[{"taxonomy":"category","embeddable":true,"href":"https:\/\/www.forum-soegel.de\/information\/wp-json\/wp\/v2\/categories?post=18191"},{"taxonomy":"post_tag","embeddable":true,"href":"https:\/\/www.forum-soegel.de\/information\/wp-json\/wp\/v2\/tags?post=18191"}],"curies":[{"name":"wp","href":"https:\/\/api.w.org\/{rel}","templated":true}]}}