{"id":18188,"date":"2016-02-07T17:30:19","date_gmt":"2016-02-07T16:30:19","guid":{"rendered":"https:\/\/www.forum-soegel.de\/information\/?p=18188"},"modified":"2016-02-07T17:30:19","modified_gmt":"2016-02-07T16:30:19","slug":"altendeitering-und-forderverein-sponsern-sogels-c-jugend","status":"publish","type":"post","link":"https:\/\/www.forum-soegel.de\/information\/2016\/02\/altendeitering-und-forderverein-sponsern-sogels-c-jugend\/","title":{"rendered":"Altendeitering und F\u00f6rderverein sponsern S\u00f6gels C-Jugend"},"content":{"rendered":"<div id=\"attachment_18189\" style=\"width: 310px\" class=\"wp-caption alignnone\"><a href=\"https:\/\/www.forum-soegel.de\/information\/wp-content\/uploads\/2016\/02\/Altendeitering-und-F\u00f6rderverein-sponsern-S\u00f6gels-C-Jugend.jpg\"><img loading=\"lazy\" decoding=\"async\" aria-describedby=\"caption-attachment-18189\" class=\"size-medium wp-image-18189\" title=\"Altendeitering und F\u00f6rderverein sponsern S\u00f6gels C-Jugend\" src=\"https:\/\/www.forum-soegel.de\/information\/wp-content\/uploads\/2016\/02\/Altendeitering-und-F\u00f6rderverein-sponsern-S\u00f6gels-C-Jugend-300x199.jpg\" alt=\"\" width=\"300\" height=\"199\" srcset=\"https:\/\/www.forum-soegel.de\/information\/wp-content\/uploads\/2016\/02\/Altendeitering-und-F\u00f6rderverein-sponsern-S\u00f6gels-C-Jugend-300x199.jpg 300w, https:\/\/www.forum-soegel.de\/information\/wp-content\/uploads\/2016\/02\/Altendeitering-und-F\u00f6rderverein-sponsern-S\u00f6gels-C-Jugend.jpg 1024w\" sizes=\"auto, (max-width: 300px) 100vw, 300px\" \/><\/a><p id=\"caption-attachment-18189\" class=\"wp-caption-text\">S\u00f6gel - \u00dcber eine gro\u00dfz\u00fcgige Spende konnten sich j\u00fcngst die Spieler C-Jugend des SV Sigiltra S\u00f6gel freuen. Die Spieler erhielten einen neuen Satz Trikots von der Firma Elektro-Heizung-Sanit\u00e4r Altendeitering in Zusammenarbeit mit dem Fu\u00dfballf\u00f6rderverein S\u00f6gel. Mannschaft und Betreuer bedankten sich herzlich bei Thomas Altendeitering und Alfons Robben vom F\u00f6rderverein.<\/p><\/div>\n<p>Text\/Foto: Klaus Voelker<\/p>\n","protected":false},"excerpt":{"rendered":"Text\/Foto: Klaus Voelker\n","protected":false},"author":2,"featured_media":0,"comment_status":"closed","ping_status":"closed","sticky":false,"template":"","format":"standard","meta":{"ngg_post_thumbnail":0,"footnotes":""},"categories":[5],"tags":[],"class_list":["post-18188","post","type-post","status-publish","format-standard","hentry","category-was-machen-die-vereine"],"_links":{"self":[{"href":"https:\/\/www.forum-soegel.de\/information\/wp-json\/wp\/v2\/posts\/18188","targetHints":{"allow":["GET"]}}],"collection":[{"href":"https:\/\/www.forum-soegel.de\/information\/wp-json\/wp\/v2\/posts"}],"about":[{"href":"https:\/\/www.forum-soegel.de\/information\/wp-json\/wp\/v2\/types\/post"}],"author":[{"embeddable":true,"href":"https:\/\/www.forum-soegel.de\/information\/wp-json\/wp\/v2\/users\/2"}],"replies":[{"embeddable":true,"href":"https:\/\/www.forum-soegel.de\/information\/wp-json\/wp\/v2\/comments?post=18188"}],"version-history":[{"count":1,"href":"https:\/\/www.forum-soegel.de\/information\/wp-json\/wp\/v2\/posts\/18188\/revisions"}],"predecessor-version":[{"id":18190,"href":"https:\/\/www.forum-soegel.de\/information\/wp-json\/wp\/v2\/posts\/18188\/revisions\/18190"}],"wp:attachment":[{"href":"https:\/\/www.forum-soegel.de\/information\/wp-json\/wp\/v2\/media?parent=18188"}],"wp:term":[{"taxonomy":"category","embeddable":true,"href":"https:\/\/www.forum-soegel.de\/information\/wp-json\/wp\/v2\/categories?post=18188"},{"taxonomy":"post_tag","embeddable":true,"href":"https:\/\/www.forum-soegel.de\/information\/wp-json\/wp\/v2\/tags?post=18188"}],"curies":[{"name":"wp","href":"https:\/\/api.w.org\/{rel}","templated":true}]}}