{"id":18179,"date":"2016-02-07T10:02:31","date_gmt":"2016-02-07T09:02:31","guid":{"rendered":"https:\/\/www.forum-soegel.de\/information\/?p=18179"},"modified":"2016-02-07T10:02:31","modified_gmt":"2016-02-07T09:02:31","slug":"tolles-ergebnis-zum-6-geburtstag-des-gutscheins","status":"publish","type":"post","link":"https:\/\/www.forum-soegel.de\/information\/2016\/02\/tolles-ergebnis-zum-6-geburtstag-des-gutscheins\/","title":{"rendered":"Tolles Ergebnis zum 6. Geburtstag des Gutscheins"},"content":{"rendered":"<p style=\"text-align: left;\" align=\"center\"><strong>Knapp 70 Firmen aus der Samtgemeinde S\u00f6gel nehmen an der Gutscheinaktion des Wirtschaftsverbandes teil<\/strong><\/p>\n<p>S\u00f6gel &#8211; \u201eEr ist ein beliebtes Geschenk \u2013 der S\u00f6gel-Gutschein des HGV S\u00f6gel. In seiner schicken gr\u00fcnen Umverpackung eignet er sich ideal als Geschenk f\u00fcr jeden Anlass und jedes Alter. Und noch besser: er l\u00e4sst sich in sagenhaften 68 Gesch\u00e4ften in der Samtgemeinde S\u00f6gel einl\u00f6sen\u201c stellte der Wirtschaftsverbandsvorsitzende in einem Gespr\u00e4ch mit dem Team der S\u00f6gel Marketing GmbH fest. Vor kurzem wurde eine neue Teilnahme-Abfrage durchgef\u00fchrt, was noch mehr Firmen dazu bewegte mitzumachen. \u201eIch bin stolz darauf, dass so viele unserer Mitglieder an der Aktion teilnehmen.<\/p>\n<p>\u00dcber dieses Ergebnis freuen wir uns vom Vorstand des Wirtschaftsverbandes sehr. Zumal der Gutschein in 2016 seinen 6. Geburtstag feiert\u201c, sagte Koopmann. \u201eDadurch k\u00f6nnen wir den Service und das Angebot in der Samtgemeinde S\u00f6gel st\u00e4rken. Der Gutschein hat sich in den letzten 6 Jahren etabliert und ist nicht nur bei S\u00f6geler B\u00fcrgern beliebt\u201c, so Koopmann weiter.<\/p>\n<p>Sch\u00f6n sei auch, dass bei den teilnehmenden Firmen nicht nur der Einzelhandel vertreten ist, sonder eine breite Palette an Firmen unterschiedlicher Branchen. So sei wirklich f\u00fcr jeden etwas dabei. \u201eDer S\u00f6gel- Gutschein kann in jedem individuellen Wert ausgestellt werden und bietet in seiner tollen Kissenverpackung sogar noch Platz f\u00fcr einen pers\u00f6nlichen Gru\u00df. Erh\u00e4ltlich ist der Gutschein in der Tourist-Information S\u00f6gel, Am Markt 2\u201c, teilt Heidrun Langen vom Team der S\u00f6gel Marketing GmbH mit<\/p>\n<p>Text\/Foto: S\u00f6gel Marketing GmbH<\/p>\n<p><a href=\"https:\/\/www.forum-soegel.de\/information\/wp-content\/uploads\/2016\/02\/Tolles-Ergebnis-zum-6.-Geburtstag-des-Gutscheins.jpg\"><img loading=\"lazy\" decoding=\"async\" class=\"alignnone size-medium wp-image-18180\" title=\"Tolles Ergebnis zum 6. Geburtstag des Gutscheins\" src=\"https:\/\/www.forum-soegel.de\/information\/wp-content\/uploads\/2016\/02\/Tolles-Ergebnis-zum-6.-Geburtstag-des-Gutscheins-225x300.jpg\" alt=\"\" width=\"225\" height=\"300\" srcset=\"https:\/\/www.forum-soegel.de\/information\/wp-content\/uploads\/2016\/02\/Tolles-Ergebnis-zum-6.-Geburtstag-des-Gutscheins-225x300.jpg 225w, https:\/\/www.forum-soegel.de\/information\/wp-content\/uploads\/2016\/02\/Tolles-Ergebnis-zum-6.-Geburtstag-des-Gutscheins.jpg 576w\" sizes=\"auto, (max-width: 225px) 100vw, 225px\" \/><\/a><\/p>\n<p>&nbsp;<\/p>\n","protected":false},"excerpt":{"rendered":"Knapp 70 Firmen aus der Samtgemeinde S\u00f6gel nehmen an der Gutscheinaktion des Wirtschaftsverbandes teil S\u00f6gel &#8211; \u201eEr ist ein beliebtes Geschenk \u2013 der S\u00f6gel-Gutschein des HGV S\u00f6gel. In seiner schicken gr\u00fcnen Umverpackung eignet er sich ideal als Geschenk f\u00fcr jeden Anlass und jedes Alter. Und noch besser: er l\u00e4sst sich in sagenhaften 68 Gesch\u00e4ften in [&hellip;]\n","protected":false},"author":2,"featured_media":0,"comment_status":"closed","ping_status":"closed","sticky":false,"template":"","format":"standard","meta":{"ngg_post_thumbnail":0,"footnotes":""},"categories":[4],"tags":[],"class_list":["post-18179","post","type-post","status-publish","format-standard","hentry","category-aus-der-geschaftswelt"],"_links":{"self":[{"href":"https:\/\/www.forum-soegel.de\/information\/wp-json\/wp\/v2\/posts\/18179","targetHints":{"allow":["GET"]}}],"collection":[{"href":"https:\/\/www.forum-soegel.de\/information\/wp-json\/wp\/v2\/posts"}],"about":[{"href":"https:\/\/www.forum-soegel.de\/information\/wp-json\/wp\/v2\/types\/post"}],"author":[{"embeddable":true,"href":"https:\/\/www.forum-soegel.de\/information\/wp-json\/wp\/v2\/users\/2"}],"replies":[{"embeddable":true,"href":"https:\/\/www.forum-soegel.de\/information\/wp-json\/wp\/v2\/comments?post=18179"}],"version-history":[{"count":1,"href":"https:\/\/www.forum-soegel.de\/information\/wp-json\/wp\/v2\/posts\/18179\/revisions"}],"predecessor-version":[{"id":18181,"href":"https:\/\/www.forum-soegel.de\/information\/wp-json\/wp\/v2\/posts\/18179\/revisions\/18181"}],"wp:attachment":[{"href":"https:\/\/www.forum-soegel.de\/information\/wp-json\/wp\/v2\/media?parent=18179"}],"wp:term":[{"taxonomy":"category","embeddable":true,"href":"https:\/\/www.forum-soegel.de\/information\/wp-json\/wp\/v2\/categories?post=18179"},{"taxonomy":"post_tag","embeddable":true,"href":"https:\/\/www.forum-soegel.de\/information\/wp-json\/wp\/v2\/tags?post=18179"}],"curies":[{"name":"wp","href":"https:\/\/api.w.org\/{rel}","templated":true}]}}