{"id":18176,"date":"2016-02-07T10:00:59","date_gmt":"2016-02-07T09:00:59","guid":{"rendered":"https:\/\/www.forum-soegel.de\/information\/?p=18176"},"modified":"2016-02-07T10:00:59","modified_gmt":"2016-02-07T09:00:59","slug":"raiffeisenbank-emsland-mitte-eg-dankt-christof-breer","status":"publish","type":"post","link":"https:\/\/www.forum-soegel.de\/information\/2016\/02\/raiffeisenbank-emsland-mitte-eg-dankt-christof-breer\/","title":{"rendered":"Raiffeisenbank Emsland-Mitte eG dankt Christof Breer"},"content":{"rendered":"<p>Werpeloh &#8211; Christof Breer, Leiter der Gesch\u00e4ftsstelle in Werpeloh, wurde am 30.12.2015 von den Vorst\u00e4nden Hans Wolken und Helmut Kr\u00fc\u00dfel verabschiedet. Er stellt sich einer neuen beruflichen Herausforderung.<\/p>\n<p>Herr Breer begann am 01.08.1990 seine Ausbildung als Bankkaufmann bei der damaligen Raiffeisenbank Spahnharrenst\u00e4tte-Werpeloh eG. Bereits mit 25 Jahren \u00fcbernahm er die Filialleitung in seiner Heimatgemeinde Werpeloh und f\u00fchrte die Gesch\u00e4fte \u00fcber 20 Jahre sehr erfolgreich. Hierf\u00fcr sprachen die Vorst\u00e4nde Herrn Breer ihren herzlichen Dank aus und w\u00fcnschten ihm f\u00fcr seine neue berufliche Zukunft alles Gute!<br \/>\nDie Filiale in Werpeloh wird seit dem 01.01.2016 durch Jens Kampling verst\u00e4rkt, so dass den Kunden in Werpeloh mit Herrn Kampling und dem bew\u00e4hrten Team Anni D\u00fcttmann, Sandra Garbs und Petra Str\u00f6hl an f\u00fcnf Tagen in der Woche weiterhin umf\u00e4nglicher Service geboten wird.<\/p>\n<p>Text\/Foto: Martina Schonebeck<\/p>\n<p><a href=\"https:\/\/www.forum-soegel.de\/information\/wp-content\/uploads\/2016\/02\/Raiffeisenbank-Emsland-Mitte-eG-dankt-Christof-Breer.jpg\"><img loading=\"lazy\" decoding=\"async\" class=\"alignnone size-medium wp-image-18177\" title=\"Raiffeisenbank Emsland-Mitte eG dankt Christof Breer\" src=\"https:\/\/www.forum-soegel.de\/information\/wp-content\/uploads\/2016\/02\/Raiffeisenbank-Emsland-Mitte-eG-dankt-Christof-Breer-300x199.jpg\" alt=\"\" width=\"300\" height=\"199\" srcset=\"https:\/\/www.forum-soegel.de\/information\/wp-content\/uploads\/2016\/02\/Raiffeisenbank-Emsland-Mitte-eG-dankt-Christof-Breer-300x199.jpg 300w, https:\/\/www.forum-soegel.de\/information\/wp-content\/uploads\/2016\/02\/Raiffeisenbank-Emsland-Mitte-eG-dankt-Christof-Breer.jpg 1024w\" sizes=\"auto, (max-width: 300px) 100vw, 300px\" \/><\/a><\/p>\n<p>&nbsp;<\/p>\n<p>&nbsp;<\/p>\n<p>&nbsp;<\/p>\n<p>&nbsp;<\/p>\n","protected":false},"excerpt":{"rendered":"Werpeloh &#8211; Christof Breer, Leiter der Gesch\u00e4ftsstelle in Werpeloh, wurde am 30.12.2015 von den Vorst\u00e4nden Hans Wolken und Helmut Kr\u00fc\u00dfel verabschiedet. Er stellt sich einer neuen beruflichen Herausforderung. Herr Breer begann am 01.08.1990 seine Ausbildung als Bankkaufmann bei der damaligen Raiffeisenbank Spahnharrenst\u00e4tte-Werpeloh eG. Bereits mit 25 Jahren \u00fcbernahm er die Filialleitung in seiner Heimatgemeinde Werpeloh [&hellip;]\n","protected":false},"author":2,"featured_media":0,"comment_status":"closed","ping_status":"closed","sticky":false,"template":"","format":"standard","meta":{"ngg_post_thumbnail":0,"footnotes":""},"categories":[4],"tags":[],"class_list":["post-18176","post","type-post","status-publish","format-standard","hentry","category-aus-der-geschaftswelt"],"_links":{"self":[{"href":"https:\/\/www.forum-soegel.de\/information\/wp-json\/wp\/v2\/posts\/18176","targetHints":{"allow":["GET"]}}],"collection":[{"href":"https:\/\/www.forum-soegel.de\/information\/wp-json\/wp\/v2\/posts"}],"about":[{"href":"https:\/\/www.forum-soegel.de\/information\/wp-json\/wp\/v2\/types\/post"}],"author":[{"embeddable":true,"href":"https:\/\/www.forum-soegel.de\/information\/wp-json\/wp\/v2\/users\/2"}],"replies":[{"embeddable":true,"href":"https:\/\/www.forum-soegel.de\/information\/wp-json\/wp\/v2\/comments?post=18176"}],"version-history":[{"count":1,"href":"https:\/\/www.forum-soegel.de\/information\/wp-json\/wp\/v2\/posts\/18176\/revisions"}],"predecessor-version":[{"id":18178,"href":"https:\/\/www.forum-soegel.de\/information\/wp-json\/wp\/v2\/posts\/18176\/revisions\/18178"}],"wp:attachment":[{"href":"https:\/\/www.forum-soegel.de\/information\/wp-json\/wp\/v2\/media?parent=18176"}],"wp:term":[{"taxonomy":"category","embeddable":true,"href":"https:\/\/www.forum-soegel.de\/information\/wp-json\/wp\/v2\/categories?post=18176"},{"taxonomy":"post_tag","embeddable":true,"href":"https:\/\/www.forum-soegel.de\/information\/wp-json\/wp\/v2\/tags?post=18176"}],"curies":[{"name":"wp","href":"https:\/\/api.w.org\/{rel}","templated":true}]}}