{"id":18173,"date":"2016-02-07T09:59:54","date_gmt":"2016-02-07T08:59:54","guid":{"rendered":"https:\/\/www.forum-soegel.de\/information\/?p=18173"},"modified":"2016-02-07T09:59:54","modified_gmt":"2016-02-07T08:59:54","slug":"inga-jansen-eroffnet-praxis-fur-physiotherapie-in-sogel","status":"publish","type":"post","link":"https:\/\/www.forum-soegel.de\/information\/2016\/02\/inga-jansen-eroffnet-praxis-fur-physiotherapie-in-sogel\/","title":{"rendered":"Inga Jansen er\u00f6ffnet Praxis f\u00fcr Physiotherapie in S\u00f6gel"},"content":{"rendered":"<p>S\u00f6gel \u2013 Im Januar 2016 war es soweit, die geb\u00fcrtige Osnabr\u00fcckerin Inga Jansen er\u00f6ffnete im Wohn- und Gesch\u00e4ftshaus am Knippers Kohlenhof 15 in S\u00f6gel ihre neue Praxis f\u00fcr Physiotherapie.<\/p>\n<p>Im Jahr 2001 legte Jansen nach 3- j\u00e4hriger Ausbildung zur Physiotherapeutin an der \u201eProf. Horst Eberhard Grewe Schule\u201c in Bad Iburg ihre Pr\u00fcfung mit Staatsexamen erfolgreich ab. Bereits w\u00e4hrend ihrer Ausbildung absolvierte die heute 35-J\u00e4hrige mehrere Praktika und machte dabei Station in Krankenh\u00e4usern, Reha-Kliniken und verschiedenen Praxen. Dabei konnte sie Einblicke in folgende Bereiche gewinnen: Orthop\u00e4die, Innere Medizin, Chirurgie, P\u00e4diatrie, Psychiatrie, Onkologie, Kardiologie und Rehabilitation. In den folgenden Jahren erweiterte sie ihr T\u00e4tigkeitsfeld, indem sie u.a. Fortbildungen f\u00fcr manuelle Lymphdrainage, Kinesio- Taping sowie f\u00fcr Kinder- und Erwachsenen &#8211; Bobath erfolgreich absolvierte.<\/p>\n<p>Zahlreiche G\u00e4ste aus dem Freundes- und Familienkreis sowie\u00a0 der S\u00f6geler Gesch\u00e4ftswelt und Lokalpolitik waren der Einladung von Inga und Bernhard (Lucky) Jansen zur Er\u00f6ffnung gefolgt.<\/p>\n<p>Zum gemeinsamen kirchlichen Segen durch die\u00a0 Past\u00f6re Matthias Vo\u00df und\u00a0 Bernhard Horstmann brachte letzterer eine tolle \u00dcberraschung mit:<strong><em> <\/em><\/strong>die Sternsinger \u00fcberbrachten den Segen C*M*B f\u00fcr die Praxisr\u00e4ume.<\/p>\n<p>Text\/Foto: SSt<\/p>\n<div id=\"attachment_18174\" style=\"width: 310px\" class=\"wp-caption alignnone\"><a href=\"https:\/\/www.forum-soegel.de\/information\/wp-content\/uploads\/2016\/02\/Inga-Jansen-er\u00f6ffnet-Praxis-f\u00fcr-Physiotherapie-in-S\u00f6gel.jpg\"><img loading=\"lazy\" decoding=\"async\" aria-describedby=\"caption-attachment-18174\" class=\"size-medium wp-image-18174\" title=\"Inga Jansen er\u00f6ffnet Praxis f\u00fcr Physiotherapie in S\u00f6gel\" src=\"https:\/\/www.forum-soegel.de\/information\/wp-content\/uploads\/2016\/02\/Inga-Jansen-er\u00f6ffnet-Praxis-f\u00fcr-Physiotherapie-in-S\u00f6gel-300x225.jpg\" alt=\"\" width=\"300\" height=\"225\" srcset=\"https:\/\/www.forum-soegel.de\/information\/wp-content\/uploads\/2016\/02\/Inga-Jansen-er\u00f6ffnet-Praxis-f\u00fcr-Physiotherapie-in-S\u00f6gel-300x225.jpg 300w, https:\/\/www.forum-soegel.de\/information\/wp-content\/uploads\/2016\/02\/Inga-Jansen-er\u00f6ffnet-Praxis-f\u00fcr-Physiotherapie-in-S\u00f6gel.jpg 1024w\" sizes=\"auto, (max-width: 300px) 100vw, 300px\" \/><\/a><p id=\"caption-attachment-18174\" class=\"wp-caption-text\">Vertreter des Wirtschaftsverbands (links), die Past\u00f6re Vo\u00df und Horstmann sowie Irmgard Welling und G\u00fcnter Wigbers von der Gemeinde S\u00f6gel (rechts) \u00fcberbrachten Inga und Bernhard Jansen (Bildmitte) ihre Gl\u00fcck- und Segensw\u00fcnsche.<\/p><\/div>\n","protected":false},"excerpt":{"rendered":"S\u00f6gel \u2013 Im Januar 2016 war es soweit, die geb\u00fcrtige Osnabr\u00fcckerin Inga Jansen er\u00f6ffnete im Wohn- und Gesch\u00e4ftshaus am Knippers Kohlenhof 15 in S\u00f6gel ihre neue Praxis f\u00fcr Physiotherapie. Im Jahr 2001 legte Jansen nach 3- j\u00e4hriger Ausbildung zur Physiotherapeutin an der \u201eProf. Horst Eberhard Grewe Schule\u201c in Bad Iburg ihre Pr\u00fcfung mit Staatsexamen erfolgreich [&hellip;]\n","protected":false},"author":2,"featured_media":0,"comment_status":"closed","ping_status":"closed","sticky":false,"template":"","format":"standard","meta":{"ngg_post_thumbnail":0,"footnotes":""},"categories":[4],"tags":[],"class_list":["post-18173","post","type-post","status-publish","format-standard","hentry","category-aus-der-geschaftswelt"],"_links":{"self":[{"href":"https:\/\/www.forum-soegel.de\/information\/wp-json\/wp\/v2\/posts\/18173","targetHints":{"allow":["GET"]}}],"collection":[{"href":"https:\/\/www.forum-soegel.de\/information\/wp-json\/wp\/v2\/posts"}],"about":[{"href":"https:\/\/www.forum-soegel.de\/information\/wp-json\/wp\/v2\/types\/post"}],"author":[{"embeddable":true,"href":"https:\/\/www.forum-soegel.de\/information\/wp-json\/wp\/v2\/users\/2"}],"replies":[{"embeddable":true,"href":"https:\/\/www.forum-soegel.de\/information\/wp-json\/wp\/v2\/comments?post=18173"}],"version-history":[{"count":1,"href":"https:\/\/www.forum-soegel.de\/information\/wp-json\/wp\/v2\/posts\/18173\/revisions"}],"predecessor-version":[{"id":18175,"href":"https:\/\/www.forum-soegel.de\/information\/wp-json\/wp\/v2\/posts\/18173\/revisions\/18175"}],"wp:attachment":[{"href":"https:\/\/www.forum-soegel.de\/information\/wp-json\/wp\/v2\/media?parent=18173"}],"wp:term":[{"taxonomy":"category","embeddable":true,"href":"https:\/\/www.forum-soegel.de\/information\/wp-json\/wp\/v2\/categories?post=18173"},{"taxonomy":"post_tag","embeddable":true,"href":"https:\/\/www.forum-soegel.de\/information\/wp-json\/wp\/v2\/tags?post=18173"}],"curies":[{"name":"wp","href":"https:\/\/api.w.org\/{rel}","templated":true}]}}