{"id":18170,"date":"2016-02-07T09:58:00","date_gmt":"2016-02-07T08:58:00","guid":{"rendered":"https:\/\/www.forum-soegel.de\/information\/?p=18170"},"modified":"2016-02-07T09:58:00","modified_gmt":"2016-02-07T08:58:00","slug":"ein-weiterer-schritt-auf-dem-weg-zur-%e2%80%9efairtrade-town%e2%80%9c","status":"publish","type":"post","link":"https:\/\/www.forum-soegel.de\/information\/2016\/02\/ein-weiterer-schritt-auf-dem-weg-zur-%e2%80%9efairtrade-town%e2%80%9c\/","title":{"rendered":"Ein weiterer Schritt auf dem Weg zur \u201eFairtrade Town\u201c"},"content":{"rendered":"<p>S\u00f6gel &#8211; Die\u00a0Gesch\u00e4ftsf\u00fchrerin Annette Sewerin vom\u00a0Caf\u00e9 \u201eZum Amtsbrunnen\u201c in S\u00f6gel hat es sich zur Aufgabe gemacht, fair gehandelte Produkte auf die Getr\u00e4nke- und Speisekarte zu setzen.<\/p>\n<p>Sie erz\u00e4hlte der Steuerungsgruppe mit Diana Schmitz, Claudia Grote und Irmgard Welling, dass sie aus \u00dcberzeugung in ihrer Gastst\u00e4tte fair gehandelte Produkte wie Tee, Kaffee und Kakao anbietet. Es sei der Weg, konkret zu handeln, damit soziale Gerechtigkeit in den Produktionsregionen im globalen S\u00fcden gef\u00f6rdert wird.<\/p>\n<p>Die Steuerungsgruppe bedankte sich sehr herzlich f\u00fcr dieses Engagement. Die Initiative hilft dem fairen Handel, mehr in das \u00f6ffentliche Bewusstsein zu r\u00fccken. Damit ist S\u00f6gel wieder einen Schritt weitergekommen, \u201eFairtrade Town\u201c zu werden.<\/p>\n<p>Text\/Foto: Steuergruppe S\u00f6gel<\/p>\n<p><a href=\"https:\/\/www.forum-soegel.de\/information\/wp-content\/uploads\/2016\/02\/Ein-weiterer-Schritt-auf-dem-Weg-zur-\u201eFairtrade-Town\u201c.jpg\"><img loading=\"lazy\" decoding=\"async\" class=\"alignnone size-medium wp-image-18171\" title=\"Ein weiterer Schritt auf dem Weg zur \u201eFairtrade Town\u201c\" src=\"https:\/\/www.forum-soegel.de\/information\/wp-content\/uploads\/2016\/02\/Ein-weiterer-Schritt-auf-dem-Weg-zur-\u201eFairtrade-Town\u201c-286x300.jpg\" alt=\"\" width=\"286\" height=\"300\" srcset=\"https:\/\/www.forum-soegel.de\/information\/wp-content\/uploads\/2016\/02\/Ein-weiterer-Schritt-auf-dem-Weg-zur-\u201eFairtrade-Town\u201c-286x300.jpg 286w, https:\/\/www.forum-soegel.de\/information\/wp-content\/uploads\/2016\/02\/Ein-weiterer-Schritt-auf-dem-Weg-zur-\u201eFairtrade-Town\u201c.jpg 734w\" sizes=\"auto, (max-width: 286px) 100vw, 286px\" \/><\/a><\/p>\n<p>&nbsp;<\/p>\n","protected":false},"excerpt":{"rendered":"S\u00f6gel &#8211; Die\u00a0Gesch\u00e4ftsf\u00fchrerin Annette Sewerin vom\u00a0Caf\u00e9 \u201eZum Amtsbrunnen\u201c in S\u00f6gel hat es sich zur Aufgabe gemacht, fair gehandelte Produkte auf die Getr\u00e4nke- und Speisekarte zu setzen. Sie erz\u00e4hlte der Steuerungsgruppe mit Diana Schmitz, Claudia Grote und Irmgard Welling, dass sie aus \u00dcberzeugung in ihrer Gastst\u00e4tte fair gehandelte Produkte wie Tee, Kaffee und Kakao anbietet. Es [&hellip;]\n","protected":false},"author":2,"featured_media":0,"comment_status":"closed","ping_status":"closed","sticky":false,"template":"","format":"standard","meta":{"ngg_post_thumbnail":0,"footnotes":""},"categories":[4],"tags":[],"class_list":["post-18170","post","type-post","status-publish","format-standard","hentry","category-aus-der-geschaftswelt"],"_links":{"self":[{"href":"https:\/\/www.forum-soegel.de\/information\/wp-json\/wp\/v2\/posts\/18170","targetHints":{"allow":["GET"]}}],"collection":[{"href":"https:\/\/www.forum-soegel.de\/information\/wp-json\/wp\/v2\/posts"}],"about":[{"href":"https:\/\/www.forum-soegel.de\/information\/wp-json\/wp\/v2\/types\/post"}],"author":[{"embeddable":true,"href":"https:\/\/www.forum-soegel.de\/information\/wp-json\/wp\/v2\/users\/2"}],"replies":[{"embeddable":true,"href":"https:\/\/www.forum-soegel.de\/information\/wp-json\/wp\/v2\/comments?post=18170"}],"version-history":[{"count":1,"href":"https:\/\/www.forum-soegel.de\/information\/wp-json\/wp\/v2\/posts\/18170\/revisions"}],"predecessor-version":[{"id":18172,"href":"https:\/\/www.forum-soegel.de\/information\/wp-json\/wp\/v2\/posts\/18170\/revisions\/18172"}],"wp:attachment":[{"href":"https:\/\/www.forum-soegel.de\/information\/wp-json\/wp\/v2\/media?parent=18170"}],"wp:term":[{"taxonomy":"category","embeddable":true,"href":"https:\/\/www.forum-soegel.de\/information\/wp-json\/wp\/v2\/categories?post=18170"},{"taxonomy":"post_tag","embeddable":true,"href":"https:\/\/www.forum-soegel.de\/information\/wp-json\/wp\/v2\/tags?post=18170"}],"curies":[{"name":"wp","href":"https:\/\/api.w.org\/{rel}","templated":true}]}}