{"id":18166,"date":"2016-02-07T09:56:03","date_gmt":"2016-02-07T08:56:03","guid":{"rendered":"https:\/\/www.forum-soegel.de\/information\/?p=18166"},"modified":"2016-02-07T09:56:03","modified_gmt":"2016-02-07T08:56:03","slug":"bunt-bestrickt-in-den-winter","status":"publish","type":"post","link":"https:\/\/www.forum-soegel.de\/information\/2016\/02\/bunt-bestrickt-in-den-winter\/","title":{"rendered":"Bunt bestrickt in den Winter"},"content":{"rendered":"<p align=\"left\">S\u00f6gel &#8211; Elisabeth Feistel, Inhaberin von \u201eFeistels Handarbeitswelt\u201c , startete im Oktober des vergangenen Jahres einen Aufruf zu der Aktion \u201eStricken f\u00fcr Fl\u00fcchtlingskinder\u201c. Die Resonanz \u2013 und das ist in S\u00f6gel nicht selten, war gro\u00df.<\/p>\n<p align=\"left\">Zehn Damen haben sich gemeldet, die von Anfang November bis Mitte Dezember\u00a0 M\u00fctzen, Socken, Schals und Stirnb\u00e4nder, insgesamt \u00fcber einhundert Teile, gestrickt haben. Die Wolle daf\u00fcr hat Elisabeth Feistel gestiftet.<\/p>\n<p align=\"left\">F\u00fcr die \u00dcbergabe sollte ein passender Ort gefunden werden. Was passt da besser als ein Kinderspieleland. Brigitte Steinbild\u00a0 nahm Kontakt zu Tanja Felker, Leiterin der \u201eSpringmaus\u201c in S\u00f6gel auf. Peter Olges, rechts im Bild und Lenchen Kurka organisierten den Transport der Fl\u00fcchtlingskinder.<\/p>\n<p align=\"left\">Alle Beteiligten werden diesen Tag nicht so schnell vergessen, besonders die Kinder, sie k\u00f6nnen nun auch warm und bunt gekleidet das lang ersehnte Winterwetter genie\u00dfen.<\/p>\n<p align=\"left\">Text\/Foto: Klaus Sch\u00e4ffner<\/p>\n<p align=\"left\"><a href=\"https:\/\/www.forum-soegel.de\/information\/wp-content\/uploads\/2016\/02\/Bunt-bestrickt-in-den-Winter1.jpg\"><img loading=\"lazy\" decoding=\"async\" class=\"alignnone size-thumbnail wp-image-18167\" title=\"Bunt bestrickt in den Winter1\" src=\"https:\/\/www.forum-soegel.de\/information\/wp-content\/uploads\/2016\/02\/Bunt-bestrickt-in-den-Winter1-150x150.jpg\" alt=\"\" width=\"150\" height=\"150\" \/><\/a>\u00a0\u00a0<a href=\"https:\/\/www.forum-soegel.de\/information\/wp-content\/uploads\/2016\/02\/Bunt-bestrickt-in-den-Winter2.jpg\"><img loading=\"lazy\" decoding=\"async\" class=\"alignnone size-thumbnail wp-image-18168\" title=\"Bunt bestrickt in den Winter2\" src=\"https:\/\/www.forum-soegel.de\/information\/wp-content\/uploads\/2016\/02\/Bunt-bestrickt-in-den-Winter2-150x150.jpg\" alt=\"\" width=\"150\" height=\"150\" \/><\/a><\/p>\n<p align=\"left\">\n<p align=\"left\">\n","protected":false},"excerpt":{"rendered":"S\u00f6gel &#8211; Elisabeth Feistel, Inhaberin von \u201eFeistels Handarbeitswelt\u201c , startete im Oktober des vergangenen Jahres einen Aufruf zu der Aktion \u201eStricken f\u00fcr Fl\u00fcchtlingskinder\u201c. Die Resonanz \u2013 und das ist in S\u00f6gel nicht selten, war gro\u00df. Zehn Damen haben sich gemeldet, die von Anfang November bis Mitte Dezember\u00a0 M\u00fctzen, Socken, Schals und Stirnb\u00e4nder, insgesamt \u00fcber einhundert [&hellip;]\n","protected":false},"author":2,"featured_media":0,"comment_status":"closed","ping_status":"closed","sticky":false,"template":"","format":"standard","meta":{"ngg_post_thumbnail":0,"footnotes":""},"categories":[4],"tags":[],"class_list":["post-18166","post","type-post","status-publish","format-standard","hentry","category-aus-der-geschaftswelt"],"_links":{"self":[{"href":"https:\/\/www.forum-soegel.de\/information\/wp-json\/wp\/v2\/posts\/18166","targetHints":{"allow":["GET"]}}],"collection":[{"href":"https:\/\/www.forum-soegel.de\/information\/wp-json\/wp\/v2\/posts"}],"about":[{"href":"https:\/\/www.forum-soegel.de\/information\/wp-json\/wp\/v2\/types\/post"}],"author":[{"embeddable":true,"href":"https:\/\/www.forum-soegel.de\/information\/wp-json\/wp\/v2\/users\/2"}],"replies":[{"embeddable":true,"href":"https:\/\/www.forum-soegel.de\/information\/wp-json\/wp\/v2\/comments?post=18166"}],"version-history":[{"count":1,"href":"https:\/\/www.forum-soegel.de\/information\/wp-json\/wp\/v2\/posts\/18166\/revisions"}],"predecessor-version":[{"id":18169,"href":"https:\/\/www.forum-soegel.de\/information\/wp-json\/wp\/v2\/posts\/18166\/revisions\/18169"}],"wp:attachment":[{"href":"https:\/\/www.forum-soegel.de\/information\/wp-json\/wp\/v2\/media?parent=18166"}],"wp:term":[{"taxonomy":"category","embeddable":true,"href":"https:\/\/www.forum-soegel.de\/information\/wp-json\/wp\/v2\/categories?post=18166"},{"taxonomy":"post_tag","embeddable":true,"href":"https:\/\/www.forum-soegel.de\/information\/wp-json\/wp\/v2\/tags?post=18166"}],"curies":[{"name":"wp","href":"https:\/\/api.w.org\/{rel}","templated":true}]}}