{"id":18160,"date":"2016-02-07T09:54:32","date_gmt":"2016-02-07T08:54:32","guid":{"rendered":"https:\/\/www.forum-soegel.de\/information\/?p=18160"},"modified":"2016-02-07T09:54:32","modified_gmt":"2016-02-07T08:54:32","slug":"aktiv-camp-alte-kaserne","status":"publish","type":"post","link":"https:\/\/www.forum-soegel.de\/information\/2016\/02\/aktiv-camp-alte-kaserne\/","title":{"rendered":"Aktiv Camp Alte Kaserne"},"content":{"rendered":"<p style=\"text-align: left;\" align=\"center\"><strong>Tag der offenen T\u00fcr im M\u00e4rz<\/strong><\/p>\n<p style=\"text-align: left;\">S\u00f6gel &#8211; Im Jahr 2008 er\u00f6ffnete im S\u00f6geler Gewerbegebiet M\u00fchlenberg das Fitness- und Sport Studio &#8222;Aktiv Camp Alte Kaserne&#8220;.<\/p>\n<p>Seitdem erfreut sich das Studio sehr gro\u00dfer Beliebtheit. Der stete Zulauf an neuen Mitgliedern ist der beste Beweis daf\u00fcr. Hauptausschlaggebend f\u00fcr den Erfolg ist, dass in der Region einmalige Konzept:<\/p>\n<p>Keine langfristige Vertragsbindung, keine versteckten Geb\u00fchren, kein Verzehrzwang von Getr\u00e4nken! Vor allen Dingen die M\u00f6glichkeit an\u00a07 Tagen in der Woche, rund um die Uhr trainieren zu k\u00f6nnen, st\u00f6\u00dft auf immensen Zuspruch.<\/p>\n<p>Fr\u00fchaufsteher, Schichtarbeiter oder einfach alle, die sich nicht durch \u00d6ffnungszeiten in ihren sportlichen Aktivit\u00e4ten eingrenzen lassen wollen, finden mit dem &#8222;Aktiv Camp Alte Kaserne&#8220; genau den richtigen Anbieter.<\/p>\n<p>Zu Beginn diesen Jahres wurden zudem sowohl die Trainingsfl\u00e4che verdoppelt, als auch das Angebot an Ger\u00e4ten deutlich vergr\u00f6\u00dfert.<\/p>\n<p>Vom Laufband bis zur M\u00f6glichkeit Gewichte zu stemmen findet sich alles was das Sportlerherz h\u00f6her schlagen l\u00e4sst.<\/p>\n<p>Bei Interesse einfach anrufen unter 05952-2019235 oder 0176-10038111. Ihr Ansprechpartner ist Stefan Kuper.<\/p>\n<p>Aus diesem Grund veranstaltet das &#8222;Aktiv Camp Alte Kaserne&#8220; am Wochenende des 12\/13 M\u00e4rz 2016 einen Tag der offenen T\u00fcr, um allen Interessierten einen ersten Einblick in die neuen R\u00e4umlichkeiten zu bieten.<\/p>\n<p>Text\/Foto: Stefan Kuper<\/p>\n<p><a href=\"https:\/\/www.forum-soegel.de\/information\/wp-content\/uploads\/2016\/02\/Aktiv-Camp-Alte-Kaserne1.jpg\"><img loading=\"lazy\" decoding=\"async\" class=\"alignnone size-thumbnail wp-image-18161\" title=\"Aktiv Camp Alte Kaserne1\" src=\"https:\/\/www.forum-soegel.de\/information\/wp-content\/uploads\/2016\/02\/Aktiv-Camp-Alte-Kaserne1-150x150.jpg\" alt=\"\" width=\"150\" height=\"150\" \/><\/a>\u00a0\u00a0<a href=\"https:\/\/www.forum-soegel.de\/information\/wp-content\/uploads\/2016\/02\/Aktiv-Camp-Alte-Kaserne2.jpg\"><img loading=\"lazy\" decoding=\"async\" class=\"alignnone size-thumbnail wp-image-18162\" title=\"Aktiv Camp Alte Kaserne2\" src=\"https:\/\/www.forum-soegel.de\/information\/wp-content\/uploads\/2016\/02\/Aktiv-Camp-Alte-Kaserne2-150x150.jpg\" alt=\"\" width=\"150\" height=\"150\" \/><\/a><\/p>\n<p><a href=\"https:\/\/www.forum-soegel.de\/information\/wp-content\/uploads\/2016\/02\/Aktiv-Camp-Alte-Kaserne3.jpg\"><img loading=\"lazy\" decoding=\"async\" class=\"alignnone size-thumbnail wp-image-18163\" title=\"Aktiv Camp Alte Kaserne3\" src=\"https:\/\/www.forum-soegel.de\/information\/wp-content\/uploads\/2016\/02\/Aktiv-Camp-Alte-Kaserne3-150x150.jpg\" alt=\"\" width=\"150\" height=\"150\" \/><\/a>\u00a0\u00a0<a href=\"https:\/\/www.forum-soegel.de\/information\/wp-content\/uploads\/2016\/02\/Aktiv-Camp-Alte-Kaserne4.jpg\"><img loading=\"lazy\" decoding=\"async\" class=\"alignnone size-thumbnail wp-image-18164\" title=\"Aktiv Camp Alte Kaserne4\" src=\"https:\/\/www.forum-soegel.de\/information\/wp-content\/uploads\/2016\/02\/Aktiv-Camp-Alte-Kaserne4-150x150.jpg\" alt=\"\" width=\"150\" height=\"150\" \/><\/a><\/p>\n<p>&nbsp;<\/p>\n","protected":false},"excerpt":{"rendered":"Tag der offenen T\u00fcr im M\u00e4rz S\u00f6gel &#8211; Im Jahr 2008 er\u00f6ffnete im S\u00f6geler Gewerbegebiet M\u00fchlenberg das Fitness- und Sport Studio &#8222;Aktiv Camp Alte Kaserne&#8220;. Seitdem erfreut sich das Studio sehr gro\u00dfer Beliebtheit. Der stete Zulauf an neuen Mitgliedern ist der beste Beweis daf\u00fcr. Hauptausschlaggebend f\u00fcr den Erfolg ist, dass in der Region einmalige Konzept: [&hellip;]\n","protected":false},"author":2,"featured_media":0,"comment_status":"closed","ping_status":"closed","sticky":false,"template":"","format":"standard","meta":{"ngg_post_thumbnail":0,"footnotes":""},"categories":[4],"tags":[],"class_list":["post-18160","post","type-post","status-publish","format-standard","hentry","category-aus-der-geschaftswelt"],"_links":{"self":[{"href":"https:\/\/www.forum-soegel.de\/information\/wp-json\/wp\/v2\/posts\/18160","targetHints":{"allow":["GET"]}}],"collection":[{"href":"https:\/\/www.forum-soegel.de\/information\/wp-json\/wp\/v2\/posts"}],"about":[{"href":"https:\/\/www.forum-soegel.de\/information\/wp-json\/wp\/v2\/types\/post"}],"author":[{"embeddable":true,"href":"https:\/\/www.forum-soegel.de\/information\/wp-json\/wp\/v2\/users\/2"}],"replies":[{"embeddable":true,"href":"https:\/\/www.forum-soegel.de\/information\/wp-json\/wp\/v2\/comments?post=18160"}],"version-history":[{"count":1,"href":"https:\/\/www.forum-soegel.de\/information\/wp-json\/wp\/v2\/posts\/18160\/revisions"}],"predecessor-version":[{"id":18165,"href":"https:\/\/www.forum-soegel.de\/information\/wp-json\/wp\/v2\/posts\/18160\/revisions\/18165"}],"wp:attachment":[{"href":"https:\/\/www.forum-soegel.de\/information\/wp-json\/wp\/v2\/media?parent=18160"}],"wp:term":[{"taxonomy":"category","embeddable":true,"href":"https:\/\/www.forum-soegel.de\/information\/wp-json\/wp\/v2\/categories?post=18160"},{"taxonomy":"post_tag","embeddable":true,"href":"https:\/\/www.forum-soegel.de\/information\/wp-json\/wp\/v2\/tags?post=18160"}],"curies":[{"name":"wp","href":"https:\/\/api.w.org\/{rel}","templated":true}]}}