{"id":18157,"date":"2016-02-07T09:52:23","date_gmt":"2016-02-07T08:52:23","guid":{"rendered":"https:\/\/www.forum-soegel.de\/information\/?p=18157"},"modified":"2016-02-07T09:52:23","modified_gmt":"2016-02-07T08:52:23","slug":"neujahrskuchen-waren-wieder-sehr-begehrt","status":"publish","type":"post","link":"https:\/\/www.forum-soegel.de\/information\/2016\/02\/neujahrskuchen-waren-wieder-sehr-begehrt\/","title":{"rendered":"Neujahrskuchen waren wieder sehr begehrt"},"content":{"rendered":"<div id=\"attachment_18158\" style=\"width: 310px\" class=\"wp-caption alignnone\"><a href=\"https:\/\/www.forum-soegel.de\/information\/wp-content\/uploads\/2016\/02\/Neujahrskuchen-waren-wieder-sehr-begehrt.jpg\"><img loading=\"lazy\" decoding=\"async\" aria-describedby=\"caption-attachment-18158\" class=\"size-medium wp-image-18158\" title=\"Neujahrskuchen waren wieder sehr begehrt\" src=\"https:\/\/www.forum-soegel.de\/information\/wp-content\/uploads\/2016\/02\/Neujahrskuchen-waren-wieder-sehr-begehrt-300x199.jpg\" alt=\"\" width=\"300\" height=\"199\" srcset=\"https:\/\/www.forum-soegel.de\/information\/wp-content\/uploads\/2016\/02\/Neujahrskuchen-waren-wieder-sehr-begehrt-300x199.jpg 300w, https:\/\/www.forum-soegel.de\/information\/wp-content\/uploads\/2016\/02\/Neujahrskuchen-waren-wieder-sehr-begehrt.jpg 1024w\" sizes=\"auto, (max-width: 300px) 100vw, 300px\" \/><\/a><p id=\"caption-attachment-18158\" class=\"wp-caption-text\">S\u00f6gel: Die S\u00f6geler kfd Frauen hatten wieder alle H\u00e4nde voll zu tun, um ihre Weihnachtsbude auf dem Weihnachtsmarkt auf Schloss Clemenswerth zu best\u00fccken. So wurden mit Beginn der Adventszeit wieder unz\u00e4hlige Neujahrskuchen und Pl\u00e4tzchen gebacken, Marmeladen und Lik\u00f6re erstellt und auch sch\u00f6ne Weihnachtsdekoration gebastelt. Auch ein neues kfd- Kochbuch wurde angeboten und ist auch weiterhin noch im Pfarrb\u00fcro erh\u00e4ltlich. \u201eDer Erl\u00f6s ist wieder f\u00fcr einen guten Zweck gedacht\u201c, erw\u00e4hnte Vorsitzende Irmgard Schlangen-Otten, die sich im Namen des Vorstandsteams bei allen flei\u00dfigen Helferinnen und auch bei den M\u00e4nnern, die beim Ab - und Aufbau geholfen hatten, auf Herzlichste bedankte.<\/p><\/div>\n<p>&nbsp;<\/p>\n<p>Text \/Foto: Gisela Arling<\/p>\n","protected":false},"excerpt":{"rendered":"&nbsp; Text \/Foto: Gisela Arling\n","protected":false},"author":2,"featured_media":0,"comment_status":"closed","ping_status":"closed","sticky":false,"template":"","format":"standard","meta":{"ngg_post_thumbnail":0,"footnotes":""},"categories":[5],"tags":[],"class_list":["post-18157","post","type-post","status-publish","format-standard","hentry","category-was-machen-die-vereine"],"_links":{"self":[{"href":"https:\/\/www.forum-soegel.de\/information\/wp-json\/wp\/v2\/posts\/18157","targetHints":{"allow":["GET"]}}],"collection":[{"href":"https:\/\/www.forum-soegel.de\/information\/wp-json\/wp\/v2\/posts"}],"about":[{"href":"https:\/\/www.forum-soegel.de\/information\/wp-json\/wp\/v2\/types\/post"}],"author":[{"embeddable":true,"href":"https:\/\/www.forum-soegel.de\/information\/wp-json\/wp\/v2\/users\/2"}],"replies":[{"embeddable":true,"href":"https:\/\/www.forum-soegel.de\/information\/wp-json\/wp\/v2\/comments?post=18157"}],"version-history":[{"count":1,"href":"https:\/\/www.forum-soegel.de\/information\/wp-json\/wp\/v2\/posts\/18157\/revisions"}],"predecessor-version":[{"id":18159,"href":"https:\/\/www.forum-soegel.de\/information\/wp-json\/wp\/v2\/posts\/18157\/revisions\/18159"}],"wp:attachment":[{"href":"https:\/\/www.forum-soegel.de\/information\/wp-json\/wp\/v2\/media?parent=18157"}],"wp:term":[{"taxonomy":"category","embeddable":true,"href":"https:\/\/www.forum-soegel.de\/information\/wp-json\/wp\/v2\/categories?post=18157"},{"taxonomy":"post_tag","embeddable":true,"href":"https:\/\/www.forum-soegel.de\/information\/wp-json\/wp\/v2\/tags?post=18157"}],"curies":[{"name":"wp","href":"https:\/\/api.w.org\/{rel}","templated":true}]}}