{"id":18154,"date":"2016-02-07T09:50:53","date_gmt":"2016-02-07T08:50:53","guid":{"rendered":"https:\/\/www.forum-soegel.de\/information\/?p=18154"},"modified":"2016-02-07T09:50:53","modified_gmt":"2016-02-07T08:50:53","slug":"musikalische-spatschicht-mit-dem-%e2%80%9echor-im-takt%e2%80%9c-in-spahnharrenstatte","status":"publish","type":"post","link":"https:\/\/www.forum-soegel.de\/information\/2016\/02\/musikalische-spatschicht-mit-dem-%e2%80%9echor-im-takt%e2%80%9c-in-spahnharrenstatte\/","title":{"rendered":"Musikalische Sp\u00e4tschicht mit dem \u201eChor Im Takt\u201c  in Spahnharrenst\u00e4tte"},"content":{"rendered":"<p>Spahnharrenst\u00e4tte &#8211; Zum 3. Advent veranstaltete der Chor Im Takt unter der Leitung von Karin Freese eine musikalische Sp\u00e4tschicht zum Thema \u201eHerbergssuche\u201c \u00a0in der St. Johannes- Kirche in Spahnharrenst\u00e4tte. Begonnen wurde mit dem Lied \u201cMenschen auf dem Weg\u201c, und die vielen Zuh\u00f6rer waren eingeladen, bei Kerzenschein und entspannter Atmosph\u00e4re der vorweihnachtlichen Hektik zu entfliehen und einmal inne zu halten. Die Ges\u00e4nge wechselten sich mit adventlichen Texten aus der Heiligen Schrift und Gebeten ab, die von Chorleiterin Karin Freese vorgetragen wurden und auch zur aktuellen Fl\u00fcchtlingsthematik passten. Das Vater-Unser -nach s\u00fcdafrikanischer Melodie &#8211; wurde von den 20 S\u00e4ngern und S\u00e4ngerinnen sehr gef\u00fchlvoll gesungen und von Karin Freese auf der Gitarre begleitet.\u00a0 Melanie Korte unterst\u00fctzte\u00a0 die vorgetragenen Chorst\u00fccke mit den Kl\u00e4ngen eines\u00a0 E-Pianos. \u00a0Durchaus bemerkenswert waren die F\u00fcrbitten, die von einzelnen Chormitgliedern vorgetragen wurden und sich vorrangig auf die Not der Fl\u00fcchtlinge bezogen. Bevor der Chor mit dem sch\u00f6nen Schlusslied \u201eDeine Hand\u00a0 h\u00e4lt mein Heute und mein Morgen\u201c noch einmal ganz besonders die Herzen der Zuh\u00f6rer erw\u00e4rmte, bedankte sich Diakon Burkhard Becker, der selbst \u00a0dem Chor angeh\u00f6rt und mitgesungen hat, bei den vielen Besuchern f\u00fcrs Kommen\u00a0 und beim Chor f\u00fcr die besinnliche Sp\u00e4tschicht. \u00a0\u201eDie Musik ist die beste Sprache f\u00fcr den Frieden auf der Welt\u201c, \u00a0\u00a0sagte er und \u00a0w\u00fcnschte allen eine frohe und friedvolle Weihnachtszeit. Karin Freese lud nach dem Segen\u00a0 noch zum gem\u00fctlichen Beisammensein bei Tee und Geb\u00e4ck ins Pfarrheim ein. Die Zuh\u00f6rer bedankten sich mit lang anhaltendem Applaus f\u00fcr das beachtenswerte Programm.<\/p>\n<p>Text\/Foto: Gisela Arling<\/p>\n<p><a href=\"https:\/\/www.forum-soegel.de\/information\/wp-content\/uploads\/2016\/02\/Musikalische-Sp\u00e4tschicht-mit-dem-\u201eChor-Im-Takt\u201c-in-Spahnharrenst\u00e4tte.jpg\"><img loading=\"lazy\" decoding=\"async\" class=\"alignnone size-medium wp-image-18155\" title=\"Musikalische Sp\u00e4tschicht mit dem \u201eChor Im Takt\u201c  in Spahnharrenst\u00e4tte\" src=\"https:\/\/www.forum-soegel.de\/information\/wp-content\/uploads\/2016\/02\/Musikalische-Sp\u00e4tschicht-mit-dem-\u201eChor-Im-Takt\u201c-in-Spahnharrenst\u00e4tte-300x199.jpg\" alt=\"\" width=\"300\" height=\"199\" srcset=\"https:\/\/www.forum-soegel.de\/information\/wp-content\/uploads\/2016\/02\/Musikalische-Sp\u00e4tschicht-mit-dem-\u201eChor-Im-Takt\u201c-in-Spahnharrenst\u00e4tte-300x199.jpg 300w, https:\/\/www.forum-soegel.de\/information\/wp-content\/uploads\/2016\/02\/Musikalische-Sp\u00e4tschicht-mit-dem-\u201eChor-Im-Takt\u201c-in-Spahnharrenst\u00e4tte.jpg 1024w\" sizes=\"auto, (max-width: 300px) 100vw, 300px\" \/><\/a><\/p>\n","protected":false},"excerpt":{"rendered":"Spahnharrenst\u00e4tte &#8211; Zum 3. Advent veranstaltete der Chor Im Takt unter der Leitung von Karin Freese eine musikalische Sp\u00e4tschicht zum Thema \u201eHerbergssuche\u201c \u00a0in der St. Johannes- Kirche in Spahnharrenst\u00e4tte. Begonnen wurde mit dem Lied \u201cMenschen auf dem Weg\u201c, und die vielen Zuh\u00f6rer waren eingeladen, bei Kerzenschein und entspannter Atmosph\u00e4re der vorweihnachtlichen Hektik zu entfliehen und [&hellip;]\n","protected":false},"author":2,"featured_media":0,"comment_status":"closed","ping_status":"closed","sticky":false,"template":"","format":"standard","meta":{"ngg_post_thumbnail":0,"footnotes":""},"categories":[5],"tags":[],"class_list":["post-18154","post","type-post","status-publish","format-standard","hentry","category-was-machen-die-vereine"],"_links":{"self":[{"href":"https:\/\/www.forum-soegel.de\/information\/wp-json\/wp\/v2\/posts\/18154","targetHints":{"allow":["GET"]}}],"collection":[{"href":"https:\/\/www.forum-soegel.de\/information\/wp-json\/wp\/v2\/posts"}],"about":[{"href":"https:\/\/www.forum-soegel.de\/information\/wp-json\/wp\/v2\/types\/post"}],"author":[{"embeddable":true,"href":"https:\/\/www.forum-soegel.de\/information\/wp-json\/wp\/v2\/users\/2"}],"replies":[{"embeddable":true,"href":"https:\/\/www.forum-soegel.de\/information\/wp-json\/wp\/v2\/comments?post=18154"}],"version-history":[{"count":1,"href":"https:\/\/www.forum-soegel.de\/information\/wp-json\/wp\/v2\/posts\/18154\/revisions"}],"predecessor-version":[{"id":18156,"href":"https:\/\/www.forum-soegel.de\/information\/wp-json\/wp\/v2\/posts\/18154\/revisions\/18156"}],"wp:attachment":[{"href":"https:\/\/www.forum-soegel.de\/information\/wp-json\/wp\/v2\/media?parent=18154"}],"wp:term":[{"taxonomy":"category","embeddable":true,"href":"https:\/\/www.forum-soegel.de\/information\/wp-json\/wp\/v2\/categories?post=18154"},{"taxonomy":"post_tag","embeddable":true,"href":"https:\/\/www.forum-soegel.de\/information\/wp-json\/wp\/v2\/tags?post=18154"}],"curies":[{"name":"wp","href":"https:\/\/api.w.org\/{rel}","templated":true}]}}