{"id":18151,"date":"2016-02-07T09:49:36","date_gmt":"2016-02-07T08:49:36","guid":{"rendered":"https:\/\/www.forum-soegel.de\/information\/?p=18151"},"modified":"2016-02-07T09:49:36","modified_gmt":"2016-02-07T08:49:36","slug":"generalversammlung-der-kfd-werpeloh-2","status":"publish","type":"post","link":"https:\/\/www.forum-soegel.de\/information\/2016\/02\/generalversammlung-der-kfd-werpeloh-2\/","title":{"rendered":"Generalversammlung der KFD Werpeloh"},"content":{"rendered":"<p style=\"text-align: left;\" align=\"center\"><strong>Erl\u00f6s aus Kaffee- und Kuchenverkauf an Malteser gespendet<\/strong><\/p>\n<p>Werpeloh &#8211; Gut besucht war die diesj\u00e4hrige Generalversammlung, zu der die Katholische Frauengemeinschaft (KFD) ihre Mitglieder eingeladen hat. \u00a0Er\u00f6ffnet wurde der Nachmittag mit einer Andacht in der St.-Franziskus Kirche. Bei Kaffee und Kuchen und Weihnachtsgeb\u00e4ck verbreitete sich anschlie\u00dfend eine vorweihnachtliche Stimmung im Werpeloher Hof. Die erste Vorsitzende Christa Geerswilken begr\u00fc\u00dfte alle Anwesenden und f\u00fchrte \u00fcber zu den offiziellen Punkten der Generalversammlung. Der von Sonja Kruithoff vorgetragene T\u00e4tigkeitsbericht f\u00fcr das Jahr 2015 lie\u00df erahnen, dass ein ereignisreiches Jahr hinter dem Verein lag. Viele unterschiedliche Veranstaltungen wurden angeboten.\u00a0 Auch der Kassenbericht von Gaby Kr\u00f6ger lie\u00df eine stabile Lage des Vereins erkennen. Im Oktober organisierte die KFD unter anderem den Kaffee &#8211; und Kuchenverkauf im MGH, der im Wechsel mit anderen Vereinen 2015 jeweils am 3. Sonntag im MGH angeboten wurde.\u00a0 Gaby Kr\u00f6ger informierte, dass der Vorstand sich spontan entschieden h\u00e4tte, den Erl\u00f6s des Verkaufs den Maltesern in S\u00f6gel\u00a0 zur Unterst\u00fctzung ihrer sozialen Arbeit, wie der Unterhaltung der Kleiderkammer, zu spenden. \u00a0Unter Punkt \u201eVerschiedenes\u201c wurde informiert, dass f\u00fcr jetzt in Werpeloh neu zugezogene Fl\u00fcchtlingsfamilien noch Paten gesucht werden.<\/p>\n<p>Nach dem offiziellen Teil sorgte die benachbarte KFD aus Werlte f\u00fcr ein lustiges Unterhaltungsprogramm. Plattdeutsche Sketche und musikalische Playbacks\u00a0 sorgten f\u00fcr einen kurzweiligen Nachmittag. \u00a0Jeder der Frauen bekam am Ende noch einen Kuchen-und Pl\u00e4tzchenteig als Start in die Zeit der Weihnachtsb\u00e4ckerei liebevoll \u00a0\u00fcberreicht.<\/p>\n<p>Text\/Foto: Rita Hagenhoff<\/p>\n<p>&nbsp;<\/p>\n<div id=\"attachment_18152\" style=\"width: 310px\" class=\"wp-caption alignnone\"><a href=\"https:\/\/www.forum-soegel.de\/information\/wp-content\/uploads\/2016\/02\/Generalversammlung-der-KFD-Werpeloh.jpg\"><img loading=\"lazy\" decoding=\"async\" aria-describedby=\"caption-attachment-18152\" class=\"size-medium wp-image-18152\" title=\"Generalversammlung der KFD Werpeloh\" src=\"https:\/\/www.forum-soegel.de\/information\/wp-content\/uploads\/2016\/02\/Generalversammlung-der-KFD-Werpeloh-300x225.jpg\" alt=\"\" width=\"300\" height=\"225\" srcset=\"https:\/\/www.forum-soegel.de\/information\/wp-content\/uploads\/2016\/02\/Generalversammlung-der-KFD-Werpeloh-300x225.jpg 300w, https:\/\/www.forum-soegel.de\/information\/wp-content\/uploads\/2016\/02\/Generalversammlung-der-KFD-Werpeloh.jpg 1024w\" sizes=\"auto, (max-width: 300px) 100vw, 300px\" \/><\/a><p id=\"caption-attachment-18152\" class=\"wp-caption-text\">Gaby Kr\u00f6ger bei der Scheck\u00fcbergabe an die Dienststellenleiterin der Malteser Rita Hagenhoff, die den Erl\u00f6s f\u00fcr das Soziale Kaufhaus \u201eH\u00fcmmlinger Kleiderst\u00fcbchen\u201c einsetzen m\u00f6chte.<\/p><\/div>\n","protected":false},"excerpt":{"rendered":"Erl\u00f6s aus Kaffee- und Kuchenverkauf an Malteser gespendet Werpeloh &#8211; Gut besucht war die diesj\u00e4hrige Generalversammlung, zu der die Katholische Frauengemeinschaft (KFD) ihre Mitglieder eingeladen hat. \u00a0Er\u00f6ffnet wurde der Nachmittag mit einer Andacht in der St.-Franziskus Kirche. Bei Kaffee und Kuchen und Weihnachtsgeb\u00e4ck verbreitete sich anschlie\u00dfend eine vorweihnachtliche Stimmung im Werpeloher Hof. Die erste Vorsitzende [&hellip;]\n","protected":false},"author":2,"featured_media":0,"comment_status":"closed","ping_status":"closed","sticky":false,"template":"","format":"standard","meta":{"ngg_post_thumbnail":0,"footnotes":""},"categories":[5],"tags":[],"class_list":["post-18151","post","type-post","status-publish","format-standard","hentry","category-was-machen-die-vereine"],"_links":{"self":[{"href":"https:\/\/www.forum-soegel.de\/information\/wp-json\/wp\/v2\/posts\/18151","targetHints":{"allow":["GET"]}}],"collection":[{"href":"https:\/\/www.forum-soegel.de\/information\/wp-json\/wp\/v2\/posts"}],"about":[{"href":"https:\/\/www.forum-soegel.de\/information\/wp-json\/wp\/v2\/types\/post"}],"author":[{"embeddable":true,"href":"https:\/\/www.forum-soegel.de\/information\/wp-json\/wp\/v2\/users\/2"}],"replies":[{"embeddable":true,"href":"https:\/\/www.forum-soegel.de\/information\/wp-json\/wp\/v2\/comments?post=18151"}],"version-history":[{"count":1,"href":"https:\/\/www.forum-soegel.de\/information\/wp-json\/wp\/v2\/posts\/18151\/revisions"}],"predecessor-version":[{"id":18153,"href":"https:\/\/www.forum-soegel.de\/information\/wp-json\/wp\/v2\/posts\/18151\/revisions\/18153"}],"wp:attachment":[{"href":"https:\/\/www.forum-soegel.de\/information\/wp-json\/wp\/v2\/media?parent=18151"}],"wp:term":[{"taxonomy":"category","embeddable":true,"href":"https:\/\/www.forum-soegel.de\/information\/wp-json\/wp\/v2\/categories?post=18151"},{"taxonomy":"post_tag","embeddable":true,"href":"https:\/\/www.forum-soegel.de\/information\/wp-json\/wp\/v2\/tags?post=18151"}],"curies":[{"name":"wp","href":"https:\/\/api.w.org\/{rel}","templated":true}]}}