{"id":18148,"date":"2016-02-07T09:48:01","date_gmt":"2016-02-07T08:48:01","guid":{"rendered":"https:\/\/www.forum-soegel.de\/information\/?p=18148"},"modified":"2016-02-07T09:48:01","modified_gmt":"2016-02-07T08:48:01","slug":"festlich-eingestimmt","status":"publish","type":"post","link":"https:\/\/www.forum-soegel.de\/information\/2016\/02\/festlich-eingestimmt\/","title":{"rendered":"Festlich eingestimmt"},"content":{"rendered":"<p style=\"text-align: left;\" align=\"center\"><strong>Das gro\u00dfe Adventskonzert der S\u00f6geler Ch\u00f6re<\/strong><\/p>\n<p style=\"text-align: left;\" align=\"center\"><strong><\/strong>S\u00f6gel &#8211; Am 20. Dezember \u2013 dem 4. Advent \u2013 konnten in der fast ausverkauften Aula des H\u00fcmmling Gymnasium \u00a0die Besucher wieder das seit 1985 alle zwei Jahre stattfindende \u201egro\u00dfe Adventskonzert\u201c erleben.<\/p>\n<p align=\"left\">Die veranstaltenden Ch\u00f6re haben in diesem Jahr das Konzert auf den Nachmittag verlegt, um Familien mit Kindern und \u00e4lteren Menschen eine Teilhabe an diesem ber\u00fchrenden Event zu erm\u00f6glichen.<\/p>\n<p align=\"left\">Und, so konnte man danach vernehmen, es war ein Erlebnis.<\/p>\n<p align=\"left\">Neben dem MGV Harmonie unter der Leitung von Thomas Kramer, dem Kirchenchor St. Jakobus unter Frauke Sparfeld und dem Singkreis S\u00f6gel unter der Leitung von Beatrix L\u00fcckmann, pr\u00e4sentierte sich erstmalig der Folklorechor Kalinka\u00a0 unter Konstantin Biefeld.<\/p>\n<p align=\"left\">Sie\u00a0 haben mit ihren Liedern in russischer Sprache die anderen Chorges\u00e4nge harmonisch erg\u00e4nzt. Das in ein adventlich \u2013 und ein weihnachtlich musikalisch unterteilte Programm wartete nat\u00fcrlich auch mit instrumentalen Einlagen auf.<\/p>\n<p align=\"left\">Anja Mimj\u00e4hner, Klarinette und Benedikt Wesseln, Saxophon begeisterten die Zuh\u00f6rer\u00a0 mit ihrem musikalischen K\u00f6nnen.<\/p>\n<p align=\"left\">Es bestand im Zuh\u00f6rerraum nicht nur der heimliche Wunsch, das eine oder andere Lied mitzusingen, die Chorleiterinnen und Chorleiter forderten sogar dazu auf.<\/p>\n<p align=\"left\">So begann der adventliche Teil mit Publikumsbeteiligung mit \u201eTochter Zion\u201c, der weihnachtliche Teil mit \u201eAlle Jahre wieder\u201c und das Konzert endete mit \u00a0dem gemeinsam gesungenen Weihnachtslied\u00a0 \u201eO du fr\u00f6hliche\u201c.<\/p>\n<p align=\"left\">In eine derartige Veranstaltung in der Aula des H\u00fcmmling Gymnasium in S\u00f6gel geh\u00f6rt \u201elast not least\u201c nat\u00fcrlich das Streicherensemble mit Mitgliedern aus dem Orchester des Gymnasiums und weiteren Gastspielern.<\/p>\n<p align=\"left\">Die Moderation des Abends \u00fcbernahm mit gro\u00dfer Liedtextkenntnis Pastor Matthias Vo\u00df von der S\u00f6geler Markusgemeinde.<\/p>\n<p align=\"left\">Die sicherlich im Wettbewerb stehenden S\u00f6geler Ch\u00f6re haben nach diesen gelungenen Auftritten im gem\u00fctlichen Beisammensein den Abend ausklingen lassen. Das Publikum war festlich eingestimmt \u2013 Weihnachten kann kommen.<\/p>\n<p align=\"left\">Text; Klaus Sch\u00e4ffner Foto: Manfred Rojahn &#8211; Schulleiter<\/p>\n<p align=\"left\"><a href=\"https:\/\/www.forum-soegel.de\/information\/wp-content\/uploads\/2016\/02\/Festlich-eingestimmt.jpg\"><img loading=\"lazy\" decoding=\"async\" class=\"alignnone size-medium wp-image-18149\" title=\"Festlich eingestimmt\" src=\"https:\/\/www.forum-soegel.de\/information\/wp-content\/uploads\/2016\/02\/Festlich-eingestimmt-300x175.jpg\" alt=\"\" width=\"300\" height=\"175\" srcset=\"https:\/\/www.forum-soegel.de\/information\/wp-content\/uploads\/2016\/02\/Festlich-eingestimmt-300x175.jpg 300w, https:\/\/www.forum-soegel.de\/information\/wp-content\/uploads\/2016\/02\/Festlich-eingestimmt.jpg 1024w\" sizes=\"auto, (max-width: 300px) 100vw, 300px\" \/><\/a><\/p>\n","protected":false},"excerpt":{"rendered":"Das gro\u00dfe Adventskonzert der S\u00f6geler Ch\u00f6re S\u00f6gel &#8211; Am 20. Dezember \u2013 dem 4. Advent \u2013 konnten in der fast ausverkauften Aula des H\u00fcmmling Gymnasium \u00a0die Besucher wieder das seit 1985 alle zwei Jahre stattfindende \u201egro\u00dfe Adventskonzert\u201c erleben. Die veranstaltenden Ch\u00f6re haben in diesem Jahr das Konzert auf den Nachmittag verlegt, um Familien mit Kindern [&hellip;]\n","protected":false},"author":2,"featured_media":0,"comment_status":"closed","ping_status":"closed","sticky":false,"template":"","format":"standard","meta":{"ngg_post_thumbnail":0,"footnotes":""},"categories":[5],"tags":[],"class_list":["post-18148","post","type-post","status-publish","format-standard","hentry","category-was-machen-die-vereine"],"_links":{"self":[{"href":"https:\/\/www.forum-soegel.de\/information\/wp-json\/wp\/v2\/posts\/18148","targetHints":{"allow":["GET"]}}],"collection":[{"href":"https:\/\/www.forum-soegel.de\/information\/wp-json\/wp\/v2\/posts"}],"about":[{"href":"https:\/\/www.forum-soegel.de\/information\/wp-json\/wp\/v2\/types\/post"}],"author":[{"embeddable":true,"href":"https:\/\/www.forum-soegel.de\/information\/wp-json\/wp\/v2\/users\/2"}],"replies":[{"embeddable":true,"href":"https:\/\/www.forum-soegel.de\/information\/wp-json\/wp\/v2\/comments?post=18148"}],"version-history":[{"count":1,"href":"https:\/\/www.forum-soegel.de\/information\/wp-json\/wp\/v2\/posts\/18148\/revisions"}],"predecessor-version":[{"id":18150,"href":"https:\/\/www.forum-soegel.de\/information\/wp-json\/wp\/v2\/posts\/18148\/revisions\/18150"}],"wp:attachment":[{"href":"https:\/\/www.forum-soegel.de\/information\/wp-json\/wp\/v2\/media?parent=18148"}],"wp:term":[{"taxonomy":"category","embeddable":true,"href":"https:\/\/www.forum-soegel.de\/information\/wp-json\/wp\/v2\/categories?post=18148"},{"taxonomy":"post_tag","embeddable":true,"href":"https:\/\/www.forum-soegel.de\/information\/wp-json\/wp\/v2\/tags?post=18148"}],"curies":[{"name":"wp","href":"https:\/\/api.w.org\/{rel}","templated":true}]}}