{"id":18135,"date":"2016-02-07T09:41:40","date_gmt":"2016-02-07T08:41:40","guid":{"rendered":"https:\/\/www.forum-soegel.de\/information\/?p=18135"},"modified":"2016-02-07T09:41:40","modified_gmt":"2016-02-07T08:41:40","slug":"adventliche-nachlese","status":"publish","type":"post","link":"https:\/\/www.forum-soegel.de\/information\/2016\/02\/adventliche-nachlese\/","title":{"rendered":"Adventliche Nachlese"},"content":{"rendered":"<p>S\u00f6gel &#8211; Am dritten Sonntag des Advents 2015 hatte das Forum S\u00f6gel seine Mitglieder \u2013 auch Nichtmitglieder waren\u00a0 willkommen \u2013 zum Advent im Forum in die R\u00e4ume der Geschichts- und Zukunftswerkstatt sowie der K\u00d6B eingeladen. Die bereits traditionelle Adventsfeier bildete in diesem Jahr die Gelegenheit, gemeinsam die Verleihung des Preises der Emsl\u00e4ndischen Landschaft an das Forum als einzigem Verein im Emsland zu w\u00fcrdigen.<\/p>\n<p>Die zahlreichen G\u00e4ste erfreuten sich an dem, was bei famili\u00e4rer Gem\u00fctlichkeit geboten wurde. Zun\u00e4chst konnte die eigene K\u00fcche kalt bleiben, denn A + W hatte leckere Eint\u00f6pfe geliefert. Wie jeder wei\u00df, lockert eine gemeinsame Mahlzeit die Zunge nicht nur zum Essen, sondern auch zu angeregten Gespr\u00e4chen. Sp\u00e4ter traf man einander zu Kaffee\/Tee und Kuchen. Er war von einigen Damen des Forums gebacken worden.<\/p>\n<p>Die Kinder vertrieben sich die Zeit mit Verstecken und anderen Spielen. Sie fieberten dem H\u00f6hepunkt zu, dem Auftritt von Topolino mit seiner Kinder-Zauber-Schau. Sie verfolgten die Kunstst\u00fccke mit Begeisterung und beteiligten sich in ungezwungener Freude. Damit ersch\u00f6pfte sich das Kinderprogramm lange nicht. Die Kinder konnten Weihnachtskarten drucken und am Computer eine Entdeckungsreise durch S\u00f6gel unternehmen. Ihr zweiter H\u00f6hepunkt neben Topolino: Kinderschminken. Davon waren sie so begeistert, dass sie minutenlang ruhig sa\u00dfen und zur Erholung der Eltern mucksm\u00e4uschenstill blieben. &#8211; Nebenbei gesagt: Freude und Spannung der Kinder \u00fcbertrugen sich schnell auf die Erwachsenen.<\/p>\n<p>Das Kinderprogramm und die ungezwungene Fr\u00f6hlichkeit der Kleinen sprachen in vielen Erwachsenen deren kindliche Seelen an. Ihnen boten sich jedoch auch Ernstes und Nachdenkliches. Sie konnten sich Zeit nehmen, um die Geschichtswerkstatt zu besichtigen. F\u00fcr den Weihnachtsmarkt am Heimathof hatte das Forum einen Stand zum Thema \u201eFlucht und Asyl\u201c entwickelt. Er war jetzt in der Geschichtswerkstatt aufgebaut worden. Da er Flucht und Asyl mit der der christlichen Botschaft verband, f\u00fcgte er sich trotz der bedr\u00fcckenden Thematik in die Veranstaltung zum Advent.<\/p>\n<p>Text\/Bild: UM<\/p>\n<p><a href=\"https:\/\/www.forum-soegel.de\/information\/wp-content\/uploads\/2016\/02\/Adventliche-Nachlese1.jpg\"><img loading=\"lazy\" decoding=\"async\" class=\"alignnone size-thumbnail wp-image-18136\" title=\"Adventliche Nachlese1\" src=\"https:\/\/www.forum-soegel.de\/information\/wp-content\/uploads\/2016\/02\/Adventliche-Nachlese1-150x150.jpg\" alt=\"\" width=\"150\" height=\"150\" \/><\/a>\u00a0\u00a0<a href=\"https:\/\/www.forum-soegel.de\/information\/wp-content\/uploads\/2016\/02\/Adventliche-Nachlese2.jpg\"><img loading=\"lazy\" decoding=\"async\" class=\"alignnone size-thumbnail wp-image-18137\" title=\"Adventliche Nachlese2\" src=\"https:\/\/www.forum-soegel.de\/information\/wp-content\/uploads\/2016\/02\/Adventliche-Nachlese2-150x150.jpg\" alt=\"\" width=\"150\" height=\"150\" \/><\/a>\u00a0\u00a0<a href=\"https:\/\/www.forum-soegel.de\/information\/wp-content\/uploads\/2016\/02\/Adventliche-Nachlese3.jpg\"><img loading=\"lazy\" decoding=\"async\" class=\"alignnone size-thumbnail wp-image-18138\" title=\"Adventliche Nachlese3\" src=\"https:\/\/www.forum-soegel.de\/information\/wp-content\/uploads\/2016\/02\/Adventliche-Nachlese3-150x150.jpg\" alt=\"\" width=\"150\" height=\"150\" \/><\/a><\/p>\n<p>&nbsp;<\/p>\n","protected":false},"excerpt":{"rendered":"S\u00f6gel &#8211; Am dritten Sonntag des Advents 2015 hatte das Forum S\u00f6gel seine Mitglieder \u2013 auch Nichtmitglieder waren\u00a0 willkommen \u2013 zum Advent im Forum in die R\u00e4ume der Geschichts- und Zukunftswerkstatt sowie der K\u00d6B eingeladen. Die bereits traditionelle Adventsfeier bildete in diesem Jahr die Gelegenheit, gemeinsam die Verleihung des Preises der Emsl\u00e4ndischen Landschaft an das [&hellip;]\n","protected":false},"author":2,"featured_media":0,"comment_status":"closed","ping_status":"closed","sticky":false,"template":"","format":"standard","meta":{"ngg_post_thumbnail":0,"footnotes":""},"categories":[5],"tags":[],"class_list":["post-18135","post","type-post","status-publish","format-standard","hentry","category-was-machen-die-vereine"],"_links":{"self":[{"href":"https:\/\/www.forum-soegel.de\/information\/wp-json\/wp\/v2\/posts\/18135","targetHints":{"allow":["GET"]}}],"collection":[{"href":"https:\/\/www.forum-soegel.de\/information\/wp-json\/wp\/v2\/posts"}],"about":[{"href":"https:\/\/www.forum-soegel.de\/information\/wp-json\/wp\/v2\/types\/post"}],"author":[{"embeddable":true,"href":"https:\/\/www.forum-soegel.de\/information\/wp-json\/wp\/v2\/users\/2"}],"replies":[{"embeddable":true,"href":"https:\/\/www.forum-soegel.de\/information\/wp-json\/wp\/v2\/comments?post=18135"}],"version-history":[{"count":1,"href":"https:\/\/www.forum-soegel.de\/information\/wp-json\/wp\/v2\/posts\/18135\/revisions"}],"predecessor-version":[{"id":18139,"href":"https:\/\/www.forum-soegel.de\/information\/wp-json\/wp\/v2\/posts\/18135\/revisions\/18139"}],"wp:attachment":[{"href":"https:\/\/www.forum-soegel.de\/information\/wp-json\/wp\/v2\/media?parent=18135"}],"wp:term":[{"taxonomy":"category","embeddable":true,"href":"https:\/\/www.forum-soegel.de\/information\/wp-json\/wp\/v2\/categories?post=18135"},{"taxonomy":"post_tag","embeddable":true,"href":"https:\/\/www.forum-soegel.de\/information\/wp-json\/wp\/v2\/tags?post=18135"}],"curies":[{"name":"wp","href":"https:\/\/api.w.org\/{rel}","templated":true}]}}