{"id":18131,"date":"2016-02-07T09:37:45","date_gmt":"2016-02-07T08:37:45","guid":{"rendered":"https:\/\/www.forum-soegel.de\/information\/?p=18131"},"modified":"2016-02-07T09:37:45","modified_gmt":"2016-02-07T08:37:45","slug":"positive-stimmung-bei-der-mitgliederversammlung-des-kirchenchor-stavern","status":"publish","type":"post","link":"https:\/\/www.forum-soegel.de\/information\/2016\/02\/positive-stimmung-bei-der-mitgliederversammlung-des-kirchenchor-stavern\/","title":{"rendered":"Positive Stimmung bei der Mitgliederversammlung des Kirchenchor Stavern"},"content":{"rendered":"<p style=\"text-align: left;\" align=\"center\"><strong>Drei S\u00e4nger 55 Jahre dabei<em><\/em><\/strong><\/p>\n<p>Stavern &#8211; Bei der diesj\u00e4hrigen Mitgliederversammlung kam sehr deutlich die gute Stimmung im Chor zum Ausdruck. In relativ kurzer Zeit konnten dann auch die 11 Tagesordnungspunkte abgearbeitet werden.<\/p>\n<p>Der Vorsitzende, Jens Suren-Schmits, begr\u00fc\u00dfte fast alle aktiven S\u00e4nger und den Pr\u00e4ses, Pfarrer Bernhard Horstmann, zur Generalversammlung. Nach kurzer Einf\u00fchrung und einer Gedenkminute f\u00fcr die Verstorbenen \u00fcbergab der Vorsitzende das Wort an Pfarrer Horstmann. Der bedankte sich f\u00fcr den Einsatz des Chors, sowohl bei den kirchlichen Hochfesten als auch bei allen anderen Veranstaltungen in der Gemeinde. \u201eIhr tragt zur guten Stimmung im Dorf bei \u2013 das ist nicht selbstverst\u00e4ndlich\u201c so die Ausf\u00fchrungen des Pr\u00e4ses. Der seit einem Jahr f\u00fcr den Chor verantwortliche Dirigent Thomas Kramer stellte bei seinem ersten Bericht fest, dass ein au\u00dfergew\u00f6hnlich positives Klima im Chor vorherrsche. Neben 18 Auftritten war der Chor ma\u00dfgeblich an drei Konzerten beteiligt. Hier und insbesondere bei den 41 Probeabenden lobte der Dirigent die au\u00dfergew\u00f6hnlich hohe Beteiligung von 85 %. So war es auch m\u00f6glich, einige neue St\u00fccke problemlos einzu\u00fcben. \u201eIhr lernt sehr schnell\u201c, so der Dirigent zusammenfassend. Der Kassenwart, Norbert Lake, konnte aufgrund einiger au\u00dfergew\u00f6hnlicher Ausgaben keinen positiven Jahresabschluss vermelden, dennoch war zum Jahresende eine Plus in der Kasse zu verzeichnen. Eine gute Kassenf\u00fchrung best\u00e4tigte der Kassenpr\u00fcfer, Helmut M\u00f6ller. Seinem Antrag auf Entlastung des Vorstandes wurde einstimmig das Votum erteilt.<\/p>\n<p>Bei den anschlie\u00dfenden Wahlen wurden der Kassenwart, N. Lake und der Schriftf\u00fchrer K. Robbers einstimmig wieder gew\u00e4hlt. Neuer Kassenpr\u00fcfer wurde F. Hilm. Abschlie\u00dfend wurden f\u00fcr 55j\u00e4hrige aktive Mitgliedschaft die Sangesbr\u00fcder Hans Bruns, Wilhelm Wessels und Heinrich Tangen geehrt. Sie sind waren von Anfang an dabei. Ein Pr\u00e4sent erhielten au\u00dferdem H. Eggern u. H. Tangen. Sie hatten keine Probe verpasst. Nur einmal fehlten J.Timmermann, J. Korte und F.-J. Stahlhut.<\/p>\n<p>Text\/Foto: Gerd Rode<\/p>\n<div id=\"attachment_18132\" style=\"width: 310px\" class=\"wp-caption alignnone\"><a href=\"https:\/\/www.forum-soegel.de\/information\/wp-content\/uploads\/2016\/02\/Positive-Stimmung-bei-der-Mitgliederversammlung-des-Kirchenchor-Stavern-1.jpg\"><img loading=\"lazy\" decoding=\"async\" aria-describedby=\"caption-attachment-18132\" class=\"size-medium wp-image-18132\" title=\"Positive Stimmung bei der Mitgliederversammlung des Kirchenchor Stavern 1\" src=\"https:\/\/www.forum-soegel.de\/information\/wp-content\/uploads\/2016\/02\/Positive-Stimmung-bei-der-Mitgliederversammlung-des-Kirchenchor-Stavern-1-300x161.jpg\" alt=\"\" width=\"300\" height=\"161\" srcset=\"https:\/\/www.forum-soegel.de\/information\/wp-content\/uploads\/2016\/02\/Positive-Stimmung-bei-der-Mitgliederversammlung-des-Kirchenchor-Stavern-1-300x161.jpg 300w, https:\/\/www.forum-soegel.de\/information\/wp-content\/uploads\/2016\/02\/Positive-Stimmung-bei-der-Mitgliederversammlung-des-Kirchenchor-Stavern-1.jpg 1024w\" sizes=\"auto, (max-width: 300px) 100vw, 300px\" \/><\/a><p id=\"caption-attachment-18132\" class=\"wp-caption-text\">Von lks: M. M\u00f6dden, F.-J. Wotte, N. Lake, K. Robbers, Dirigent Kramer, Pfarrer Horstmann, H. Eggern und Vorsitzender Suren-Schmits<\/p><\/div>\n<div id=\"attachment_18133\" style=\"width: 310px\" class=\"wp-caption alignnone\"><a href=\"https:\/\/www.forum-soegel.de\/information\/wp-content\/uploads\/2016\/02\/Positive-Stimmung-bei-der-Mitgliederversammlung-des-Kirchenchor-Stavern-2.jpg\"><img loading=\"lazy\" decoding=\"async\" aria-describedby=\"caption-attachment-18133\" class=\"size-medium wp-image-18133\" title=\"Positive Stimmung bei der Mitgliederversammlung des Kirchenchor Stavern 2\" src=\"https:\/\/www.forum-soegel.de\/information\/wp-content\/uploads\/2016\/02\/Positive-Stimmung-bei-der-Mitgliederversammlung-des-Kirchenchor-Stavern-2-300x223.jpg\" alt=\"\" width=\"300\" height=\"223\" srcset=\"https:\/\/www.forum-soegel.de\/information\/wp-content\/uploads\/2016\/02\/Positive-Stimmung-bei-der-Mitgliederversammlung-des-Kirchenchor-Stavern-2-300x223.jpg 300w, https:\/\/www.forum-soegel.de\/information\/wp-content\/uploads\/2016\/02\/Positive-Stimmung-bei-der-Mitgliederversammlung-des-Kirchenchor-Stavern-2.jpg 1024w\" sizes=\"auto, (max-width: 300px) 100vw, 300px\" \/><\/a><p id=\"caption-attachment-18133\" class=\"wp-caption-text\">von links: Hans Bruns, Wilhelm Wessels, Heinrich Tangen und dahinter Dirigent Thomas Kramer<\/p><\/div>\n","protected":false},"excerpt":{"rendered":"Drei S\u00e4nger 55 Jahre dabei Stavern &#8211; Bei der diesj\u00e4hrigen Mitgliederversammlung kam sehr deutlich die gute Stimmung im Chor zum Ausdruck. In relativ kurzer Zeit konnten dann auch die 11 Tagesordnungspunkte abgearbeitet werden. Der Vorsitzende, Jens Suren-Schmits, begr\u00fc\u00dfte fast alle aktiven S\u00e4nger und den Pr\u00e4ses, Pfarrer Bernhard Horstmann, zur Generalversammlung. Nach kurzer Einf\u00fchrung und einer [&hellip;]\n","protected":false},"author":2,"featured_media":0,"comment_status":"closed","ping_status":"closed","sticky":false,"template":"","format":"standard","meta":{"ngg_post_thumbnail":0,"footnotes":""},"categories":[868],"tags":[],"class_list":["post-18131","post","type-post","status-publish","format-standard","hentry","category-zwischen-himmel-und-erde"],"_links":{"self":[{"href":"https:\/\/www.forum-soegel.de\/information\/wp-json\/wp\/v2\/posts\/18131","targetHints":{"allow":["GET"]}}],"collection":[{"href":"https:\/\/www.forum-soegel.de\/information\/wp-json\/wp\/v2\/posts"}],"about":[{"href":"https:\/\/www.forum-soegel.de\/information\/wp-json\/wp\/v2\/types\/post"}],"author":[{"embeddable":true,"href":"https:\/\/www.forum-soegel.de\/information\/wp-json\/wp\/v2\/users\/2"}],"replies":[{"embeddable":true,"href":"https:\/\/www.forum-soegel.de\/information\/wp-json\/wp\/v2\/comments?post=18131"}],"version-history":[{"count":1,"href":"https:\/\/www.forum-soegel.de\/information\/wp-json\/wp\/v2\/posts\/18131\/revisions"}],"predecessor-version":[{"id":18134,"href":"https:\/\/www.forum-soegel.de\/information\/wp-json\/wp\/v2\/posts\/18131\/revisions\/18134"}],"wp:attachment":[{"href":"https:\/\/www.forum-soegel.de\/information\/wp-json\/wp\/v2\/media?parent=18131"}],"wp:term":[{"taxonomy":"category","embeddable":true,"href":"https:\/\/www.forum-soegel.de\/information\/wp-json\/wp\/v2\/categories?post=18131"},{"taxonomy":"post_tag","embeddable":true,"href":"https:\/\/www.forum-soegel.de\/information\/wp-json\/wp\/v2\/tags?post=18131"}],"curies":[{"name":"wp","href":"https:\/\/api.w.org\/{rel}","templated":true}]}}