{"id":18120,"date":"2016-02-07T09:28:42","date_gmt":"2016-02-07T08:28:42","guid":{"rendered":"https:\/\/www.forum-soegel.de\/information\/?p=18120"},"modified":"2016-02-07T09:28:42","modified_gmt":"2016-02-07T08:28:42","slug":"neue-kinder-und-jugendhilfeeinrichtung-auf-dem-hummling-%e2%80%9etrapez%e2%80%9c-in-huven-eingeweiht","status":"publish","type":"post","link":"https:\/\/www.forum-soegel.de\/information\/2016\/02\/neue-kinder-und-jugendhilfeeinrichtung-auf-dem-hummling-%e2%80%9etrapez%e2%80%9c-in-huven-eingeweiht\/","title":{"rendered":"Neue Kinder- und Jugendhilfeeinrichtung auf dem H\u00fcmmling \u201eTrapez\u201c in H\u00fcven eingeweiht"},"content":{"rendered":"<p>H\u00fcven &#8211; In H\u00fcven wurde die neue Kinder- und Jugendhilfeeinrichtung \u201eTrapez\u201c er\u00f6ffnet. Die Tr\u00e4ger der Einrichtung sind das Ehepaar Ines Ehlers (Dipl. Sozialp\u00e4dagogin und Traumap\u00e4dagogin) und David Ehlers (Sozialp\u00e4dagoge BA). Das Ehepaar Ehlers macht sich mit dieser Einrichtung selbstst\u00e4ndig.<\/p>\n<p>Auf ihrem Berufsweg konnten sie zahlreiche Erfahrungen sammeln, so Ehlers in ihrer Begr\u00fc\u00dfungsrede. Jetzt hat sich das Paar entschieden, eine eigene Einrichtung zu betreuen. Dazu haben sie einen Neubau an einem bestehenden Haus angesetzt. Ausreichend R\u00e4umlichkeiten mit moderner und zweckm\u00e4\u00dfiger Einrichtung stehen den k\u00fcnftig zu betreuenden Jugendlichen zur Verf\u00fcgung. Pfarrer Bernhard Horstmann gab dem Haus in einer kleinen Andacht den kirchlichen Segen.<\/p>\n<p>\u201eZiel der Betreuung ist es, dass die Kinder und Jugendlichen Vertrauen in Beziehungen fassen k\u00f6nnen und sie zu Selbstverantwortung und Selbstwirksamkeit zu bef\u00e4higen. Insbesondere m\u00f6chten wir Kindern und Jugendlichen mit Bindungsst\u00f6rungen ein Lebensfeld erm\u00f6glichen in dem sie positive und verl\u00e4ssliche Beziehungserfahrungen machen k\u00f6nnen\u201c, so Ines Ehlers. Weiter sagte sie: \u201eWir sind der \u00dcberzeugung, dass wir besonders in H\u00fcven den richtigen Ort daf\u00fcr gefunden haben. Klein, \u00fcberschaubar, aber mit unglaublich tollen Menschen die hier leben und sich gegenseitig unterst\u00fctzen.\u201c Die koedukative und altersgemischte Gruppe mit 8 Pl\u00e4tzen wird vollstation\u00e4r im Schichtdienst betreut. Philosophie und Basis der Arbeit ist die humanistische Sichtweise.<\/p>\n<p>B\u00fcrgermeisterin Hedwig Fust-Sanders gratulierte zur Er\u00f6ffnung der Einrichtung und hie\u00df Ehlers herzlich willkommen. \u201eIn unserer Gemeinde seid ihr gut untergebracht. Wir als Gemeinde H\u00fcven wollen mit dazu beitragen, dass sich alle, die hier wohnen, auch wohlf\u00fchlen.\u201c<\/p>\n<p>Bildunterschrift: In der gro\u00dfr\u00e4umigen K\u00fcche der neuen Kinder- und Jugendhilfeeinrichtung \u201eTrapez\u201c in H\u00fcven wurde eine Einweihungsfeier abgehalten.<\/p>\n<p>Text\/Foto: Ingrid Cloppenburg<\/p>\n<p><a href=\"https:\/\/www.forum-soegel.de\/information\/wp-content\/uploads\/2016\/02\/Neue-Kinder-und-Jugendhilfeeinrichtung-auf-dem-H\u00fcmmling-\u201eTrapez\u201c-in-H\u00fcven-eingeweiht.jpg\"><img loading=\"lazy\" decoding=\"async\" class=\"alignnone size-medium wp-image-18121\" title=\"Neue Kinder- und Jugendhilfeeinrichtung auf dem H\u00fcmmling - \u201eTrapez\u201c in H\u00fcven eingeweiht\" src=\"https:\/\/www.forum-soegel.de\/information\/wp-content\/uploads\/2016\/02\/Neue-Kinder-und-Jugendhilfeeinrichtung-auf-dem-H\u00fcmmling-\u201eTrapez\u201c-in-H\u00fcven-eingeweiht-300x225.jpg\" alt=\"\" width=\"300\" height=\"225\" srcset=\"https:\/\/www.forum-soegel.de\/information\/wp-content\/uploads\/2016\/02\/Neue-Kinder-und-Jugendhilfeeinrichtung-auf-dem-H\u00fcmmling-\u201eTrapez\u201c-in-H\u00fcven-eingeweiht-300x225.jpg 300w, https:\/\/www.forum-soegel.de\/information\/wp-content\/uploads\/2016\/02\/Neue-Kinder-und-Jugendhilfeeinrichtung-auf-dem-H\u00fcmmling-\u201eTrapez\u201c-in-H\u00fcven-eingeweiht.jpg 1024w\" sizes=\"auto, (max-width: 300px) 100vw, 300px\" \/><\/a><\/p>\n","protected":false},"excerpt":{"rendered":"H\u00fcven &#8211; In H\u00fcven wurde die neue Kinder- und Jugendhilfeeinrichtung \u201eTrapez\u201c er\u00f6ffnet. Die Tr\u00e4ger der Einrichtung sind das Ehepaar Ines Ehlers (Dipl. Sozialp\u00e4dagogin und Traumap\u00e4dagogin) und David Ehlers (Sozialp\u00e4dagoge BA). Das Ehepaar Ehlers macht sich mit dieser Einrichtung selbstst\u00e4ndig. Auf ihrem Berufsweg konnten sie zahlreiche Erfahrungen sammeln, so Ehlers in ihrer Begr\u00fc\u00dfungsrede. Jetzt hat sich [&hellip;]\n","protected":false},"author":2,"featured_media":0,"comment_status":"closed","ping_status":"closed","sticky":false,"template":"","format":"standard","meta":{"ngg_post_thumbnail":0,"footnotes":""},"categories":[868],"tags":[],"class_list":["post-18120","post","type-post","status-publish","format-standard","hentry","category-zwischen-himmel-und-erde"],"_links":{"self":[{"href":"https:\/\/www.forum-soegel.de\/information\/wp-json\/wp\/v2\/posts\/18120","targetHints":{"allow":["GET"]}}],"collection":[{"href":"https:\/\/www.forum-soegel.de\/information\/wp-json\/wp\/v2\/posts"}],"about":[{"href":"https:\/\/www.forum-soegel.de\/information\/wp-json\/wp\/v2\/types\/post"}],"author":[{"embeddable":true,"href":"https:\/\/www.forum-soegel.de\/information\/wp-json\/wp\/v2\/users\/2"}],"replies":[{"embeddable":true,"href":"https:\/\/www.forum-soegel.de\/information\/wp-json\/wp\/v2\/comments?post=18120"}],"version-history":[{"count":1,"href":"https:\/\/www.forum-soegel.de\/information\/wp-json\/wp\/v2\/posts\/18120\/revisions"}],"predecessor-version":[{"id":18122,"href":"https:\/\/www.forum-soegel.de\/information\/wp-json\/wp\/v2\/posts\/18120\/revisions\/18122"}],"wp:attachment":[{"href":"https:\/\/www.forum-soegel.de\/information\/wp-json\/wp\/v2\/media?parent=18120"}],"wp:term":[{"taxonomy":"category","embeddable":true,"href":"https:\/\/www.forum-soegel.de\/information\/wp-json\/wp\/v2\/categories?post=18120"},{"taxonomy":"post_tag","embeddable":true,"href":"https:\/\/www.forum-soegel.de\/information\/wp-json\/wp\/v2\/tags?post=18120"}],"curies":[{"name":"wp","href":"https:\/\/api.w.org\/{rel}","templated":true}]}}