{"id":18114,"date":"2016-02-07T09:25:36","date_gmt":"2016-02-07T08:25:36","guid":{"rendered":"https:\/\/www.forum-soegel.de\/information\/?p=18114"},"modified":"2016-02-07T09:25:36","modified_gmt":"2016-02-07T08:25:36","slug":"zahl-der-fluchtlinge-steigt-weiter-wohnraum-gesucht","status":"publish","type":"post","link":"https:\/\/www.forum-soegel.de\/information\/2016\/02\/zahl-der-fluchtlinge-steigt-weiter-wohnraum-gesucht\/","title":{"rendered":"Zahl der Fl\u00fcchtlinge steigt weiter &#8211; Wohnraum gesucht"},"content":{"rendered":"<p>S\u00f6gel &#8211; Die Samtgemeinde S\u00f6gel sucht dringend Wohnungen f\u00fcr Fl\u00fcchtlinge und Asylbewerber. In einem Appell wendet sich die Samtgemeinde S\u00f6gel an die B\u00fcrgerinnen und B\u00fcrger Wohnungen f\u00fcr Menschen, die sich auf der Flucht befinden und mit gro\u00dfen Hoffnungen auf ein freies und sicheres Leben kommen, zur Verf\u00fcgung zu stellen.<\/p>\n<p>\u201eF\u00fcr die Menschen, die zu uns kommen, ist die Bereitstellung von geeignetem Wohnraum das dringlichste Problem. Auf Grund der hohen Zuweisungszahl muss hier sehr h\u00e4ufig schnell gehandelt werden und kurzfristig Wohnraum zur Verf\u00fcgung stehen\u201c, betont Erster Samtgemeinderat Hans Nowak aus dem S\u00f6geler Rathaus. Dabei ist es der Samtgemeinde wichtig, dass keine gro\u00dfen zentralen Einrichtungen f\u00fcr die Fl\u00fcchtlinge entstehen, sondern dass so viele Menschen wie m\u00f6glich in eigenen Wohnungen unterkommen k\u00f6nnen. \u201eIn allen unseren D\u00f6rfern gibt es immer noch Wohnungs- und H\u00e4userleerst\u00e4nde. Die betreffenden Eigent\u00fcmer werden daher gebeten, zu \u00fcberlegen, ob die Vermietung an Fl\u00fcchtlinge nicht eine sinnvolle Nutzung ihres Eigentums darstellt. Es wird Wohnraum f\u00fcr Familien, Einzelpersonen oder f\u00fcr die Bildung von Wohngemeinschaften gesucht.\u201c<\/p>\n<p>Zurzeit sind 207 Personen aus 13 verschiedenen Herkunftsl\u00e4ndern in der Samtgemeinde S\u00f6gel untergebracht. Alleine im letzten Jahr hat die Samtgemeinde S\u00f6gel insgesamt 174 Fl\u00fcchtlinge aufgenommen. Untergebracht sind diese wie folgt: 107 in S\u00f6gel, 53 in B\u00f6rger, 0 in Gro\u00df Ber\u00dfen, 0 in H\u00fcven, \u00a013 in Klein Ber\u00dfen, 12 in Spahnharrenst\u00e4tte, 4 in Stavern und 18 in Werpeloh. Bisher habe man versucht, die Fl\u00fcchtlinge in den gr\u00f6\u00dferen Gemeinden unterzubringen, da die Fl\u00fcchtlinge nicht mobil sind. Jetzt k\u00f6nne an dieser Strategie aufgrund der gro\u00dfen Wohnungsknappheit nicht mehr festgehalten werden. Fachbereichsleiter R. H\u00f6mmeke erwartet in den n\u00e4chsten Wochen weitere Zuweisungen von Schutzsuchenden. \u201eDaher k\u00f6nnen die B\u00fcrger in der Samtgemeinde S\u00f6gel, die \u00fcber freie Wohnungen verf\u00fcgen, diesen Menschen helfen, und den Wohnraum f\u00fcr diesen Zweck zur Verf\u00fcgung stellen\u201c.<\/p>\n<p>Weitere Information gibt es im Fachbereich Arbeit und Soziales der Samtgemeinde S\u00f6gel. Der Fachbereich betreut die Asylbewerber und Fl\u00fcchtlinge und entscheidet, welche Familien in freien Wohnungen untergebracht werden k\u00f6nnten. Die Samtgemeinde wird bei einer Vermietung dieser Wohnungen selbst als Mieter auftreten und entsprechende Mietzahlungen unmittelbar leisten, versichert Ludwig Schmitz vom Fachbereich \u201e\u00d6ffentliche Sicherheit und Ordnung\u201c. Eine orts\u00fcbliche Miete, die regelm\u00e4\u00dfige Betreuung der Bewohner sowie auch der Wohnungen und Geb\u00e4ude durch Mitarbeiter der Samtgemeindeverwaltung sind selbstverst\u00e4ndlich.<\/p>\n<p>Ansprechpartner: Ludwig Schmitz, Tel.: 05952\/206-145, mail: <a href=\"mailto:schmitz@soegel.de\">schmitz@soegel.de<\/a> bzw. Fachbereichsleiter \u201eArbeit und Soziales\u201c, R. H\u00f6mmeke, Tel.: 05952\/206-132. ,mail: <a href=\"mailto:hoemmeke@soegel.de\">hoemmeke@soegel.de<\/a>.<\/p>\n<p>Text\/Foto: Ingrid Cloppenburg<\/p>\n<p><a href=\"https:\/\/www.forum-soegel.de\/information\/wp-content\/uploads\/2016\/02\/Zahl-der-Fl\u00fcchtlinge-steigt-weiter-Wohnraum-gesucht.jpg\"><img loading=\"lazy\" decoding=\"async\" class=\"alignnone size-medium wp-image-18115\" title=\"Zahl der Fl\u00fcchtlinge steigt weiter - Wohnraum gesucht\" src=\"https:\/\/www.forum-soegel.de\/information\/wp-content\/uploads\/2016\/02\/Zahl-der-Fl\u00fcchtlinge-steigt-weiter-Wohnraum-gesucht-300x225.jpg\" alt=\"\" width=\"300\" height=\"225\" srcset=\"https:\/\/www.forum-soegel.de\/information\/wp-content\/uploads\/2016\/02\/Zahl-der-Fl\u00fcchtlinge-steigt-weiter-Wohnraum-gesucht-300x225.jpg 300w, https:\/\/www.forum-soegel.de\/information\/wp-content\/uploads\/2016\/02\/Zahl-der-Fl\u00fcchtlinge-steigt-weiter-Wohnraum-gesucht.jpg 1024w\" sizes=\"auto, (max-width: 300px) 100vw, 300px\" \/><\/a><\/p>\n<p>&nbsp;<\/p>\n","protected":false},"excerpt":{"rendered":"S\u00f6gel &#8211; Die Samtgemeinde S\u00f6gel sucht dringend Wohnungen f\u00fcr Fl\u00fcchtlinge und Asylbewerber. In einem Appell wendet sich die Samtgemeinde S\u00f6gel an die B\u00fcrgerinnen und B\u00fcrger Wohnungen f\u00fcr Menschen, die sich auf der Flucht befinden und mit gro\u00dfen Hoffnungen auf ein freies und sicheres Leben kommen, zur Verf\u00fcgung zu stellen. \u201eF\u00fcr die Menschen, die zu uns [&hellip;]\n","protected":false},"author":2,"featured_media":0,"comment_status":"closed","ping_status":"closed","sticky":false,"template":"","format":"standard","meta":{"ngg_post_thumbnail":0,"footnotes":""},"categories":[3],"tags":[],"class_list":["post-18114","post","type-post","status-publish","format-standard","hentry","category-aktuelles-aus-der-region"],"_links":{"self":[{"href":"https:\/\/www.forum-soegel.de\/information\/wp-json\/wp\/v2\/posts\/18114","targetHints":{"allow":["GET"]}}],"collection":[{"href":"https:\/\/www.forum-soegel.de\/information\/wp-json\/wp\/v2\/posts"}],"about":[{"href":"https:\/\/www.forum-soegel.de\/information\/wp-json\/wp\/v2\/types\/post"}],"author":[{"embeddable":true,"href":"https:\/\/www.forum-soegel.de\/information\/wp-json\/wp\/v2\/users\/2"}],"replies":[{"embeddable":true,"href":"https:\/\/www.forum-soegel.de\/information\/wp-json\/wp\/v2\/comments?post=18114"}],"version-history":[{"count":1,"href":"https:\/\/www.forum-soegel.de\/information\/wp-json\/wp\/v2\/posts\/18114\/revisions"}],"predecessor-version":[{"id":18116,"href":"https:\/\/www.forum-soegel.de\/information\/wp-json\/wp\/v2\/posts\/18114\/revisions\/18116"}],"wp:attachment":[{"href":"https:\/\/www.forum-soegel.de\/information\/wp-json\/wp\/v2\/media?parent=18114"}],"wp:term":[{"taxonomy":"category","embeddable":true,"href":"https:\/\/www.forum-soegel.de\/information\/wp-json\/wp\/v2\/categories?post=18114"},{"taxonomy":"post_tag","embeddable":true,"href":"https:\/\/www.forum-soegel.de\/information\/wp-json\/wp\/v2\/tags?post=18114"}],"curies":[{"name":"wp","href":"https:\/\/api.w.org\/{rel}","templated":true}]}}