{"id":18110,"date":"2016-02-07T09:24:27","date_gmt":"2016-02-07T08:24:27","guid":{"rendered":"https:\/\/www.forum-soegel.de\/information\/?p=18110"},"modified":"2016-02-07T09:24:27","modified_gmt":"2016-02-07T08:24:27","slug":"wir-gratulieren-dr-tiedeken-einem-grosen-freund-und-forderer-sogels","status":"publish","type":"post","link":"https:\/\/www.forum-soegel.de\/information\/2016\/02\/wir-gratulieren-dr-tiedeken-einem-grosen-freund-und-forderer-sogels\/","title":{"rendered":"Wir gratulieren Dr. Tiedeken, einem gro\u00dfen Freund und F\u00f6rderer  S\u00f6gels"},"content":{"rendered":"<p>H\u00fcmmling\/Papenburg &#8211; Dr. Tiedeken, der fr\u00fchere Oberkreisdirektor des Altkreises Aschendorf-H\u00fcmmling, \u00a0hat im Dezember in Papenburg seinen 90. Geburtstag gefeiert. Wir gratulieren ihm \u00a0sehr herzlich und w\u00fcnschen ihm viel Gl\u00fcck, vor allem Gesundheit im neuen Lebensjahr.<\/p>\n<p>Wollte man seine vielen guten Taten zum Wohle der Gemeinde S\u00f6gel aufz\u00e4hlen, reichte der Platz hier nicht aus. Er hat sich besonders um das Schloss Clemenswerth verdient gemacht,\u00a0 indem er den Ankauf durch den Landkreis vorbereitete. Bei allen seinen Aktivit\u00e4ten fand er, \u00a0wie er immer wieder betonte, gro\u00dfe Unterst\u00fctzung durch den damaligen B\u00fcrgermeister Theo Kossen und den unvergessenen Gemeindedirektor Theo Kr\u00f6ger.<\/p>\n<p>Ma\u00dfgeblich war Dr. Tiedeken auch daf\u00fcr verantwortlich, dass vor genau 50 Jahren das H\u00fcmmling &#8211; Gymnasium nach S\u00f6gel kam mit einer gro\u00dfz\u00fcgigen Aula , die von Anfang an vom Kulturkreis Clemenswerth\u00a0 f\u00fcr Theaterauff\u00fchrungen genutzt werden konnte.<\/p>\n<p>Er \u00a0war \u00a01972 Pate bei der Gr\u00fcndung des Kulturkreises Clemenswerth und unterst\u00fctzte ihn von Anfang an mit ganzem Herzen. \u00a0So hat er im Jahre 1997 die Stiftung Kulturkreis Clemenswerth mitbegr\u00fcndet. Bei vielen Veranstaltungen war er ein gern gesehener Gast. \u201eIch f\u00fchle mich in S\u00f6gel immer sehr wohl\u201c, das betonte er h\u00e4ufig. Viele Kulturfreunde freuen sich schon auf seinen n\u00e4chsten Besuch.<\/p>\n<p>Text\/Foto: Georg Schmidt<\/p>\n<div id=\"attachment_18111\" style=\"width: 310px\" class=\"wp-caption alignnone\"><a href=\"https:\/\/www.forum-soegel.de\/information\/wp-content\/uploads\/2016\/02\/Wir-gratulieren-Dr.-Tiedeken-einem-gro\u00dfen-Freund-und-F\u00f6rderer-S\u00f6gels.jpg\"><img loading=\"lazy\" decoding=\"async\" aria-describedby=\"caption-attachment-18111\" class=\"size-medium wp-image-18111\" title=\"Wir gratulieren Dr. Tiedeken, einem gro\u00dfen Freund und F\u00f6rderer  S\u00f6gels\" src=\"https:\/\/www.forum-soegel.de\/information\/wp-content\/uploads\/2016\/02\/Wir-gratulieren-Dr.-Tiedeken-einem-gro\u00dfen-Freund-und-F\u00f6rderer-S\u00f6gels-300x199.jpg\" alt=\"\" width=\"300\" height=\"199\" srcset=\"https:\/\/www.forum-soegel.de\/information\/wp-content\/uploads\/2016\/02\/Wir-gratulieren-Dr.-Tiedeken-einem-gro\u00dfen-Freund-und-F\u00f6rderer-S\u00f6gels-300x199.jpg 300w, https:\/\/www.forum-soegel.de\/information\/wp-content\/uploads\/2016\/02\/Wir-gratulieren-Dr.-Tiedeken-einem-gro\u00dfen-Freund-und-F\u00f6rderer-S\u00f6gels.jpg 1024w\" sizes=\"auto, (max-width: 300px) 100vw, 300px\" \/><\/a><p id=\"caption-attachment-18111\" class=\"wp-caption-text\">Gr\u00fcndungsmitglied und langj\u00e4hriger Vorsitzender des Kulturkreises Clemenswerth<\/p><\/div>\n","protected":false},"excerpt":{"rendered":"H\u00fcmmling\/Papenburg &#8211; Dr. Tiedeken, der fr\u00fchere Oberkreisdirektor des Altkreises Aschendorf-H\u00fcmmling, \u00a0hat im Dezember in Papenburg seinen 90. Geburtstag gefeiert. Wir gratulieren ihm \u00a0sehr herzlich und w\u00fcnschen ihm viel Gl\u00fcck, vor allem Gesundheit im neuen Lebensjahr. Wollte man seine vielen guten Taten zum Wohle der Gemeinde S\u00f6gel aufz\u00e4hlen, reichte der Platz hier nicht aus. Er hat [&hellip;]\n","protected":false},"author":2,"featured_media":0,"comment_status":"closed","ping_status":"closed","sticky":false,"template":"","format":"standard","meta":{"ngg_post_thumbnail":0,"footnotes":""},"categories":[3],"tags":[],"class_list":["post-18110","post","type-post","status-publish","format-standard","hentry","category-aktuelles-aus-der-region"],"_links":{"self":[{"href":"https:\/\/www.forum-soegel.de\/information\/wp-json\/wp\/v2\/posts\/18110","targetHints":{"allow":["GET"]}}],"collection":[{"href":"https:\/\/www.forum-soegel.de\/information\/wp-json\/wp\/v2\/posts"}],"about":[{"href":"https:\/\/www.forum-soegel.de\/information\/wp-json\/wp\/v2\/types\/post"}],"author":[{"embeddable":true,"href":"https:\/\/www.forum-soegel.de\/information\/wp-json\/wp\/v2\/users\/2"}],"replies":[{"embeddable":true,"href":"https:\/\/www.forum-soegel.de\/information\/wp-json\/wp\/v2\/comments?post=18110"}],"version-history":[{"count":2,"href":"https:\/\/www.forum-soegel.de\/information\/wp-json\/wp\/v2\/posts\/18110\/revisions"}],"predecessor-version":[{"id":18113,"href":"https:\/\/www.forum-soegel.de\/information\/wp-json\/wp\/v2\/posts\/18110\/revisions\/18113"}],"wp:attachment":[{"href":"https:\/\/www.forum-soegel.de\/information\/wp-json\/wp\/v2\/media?parent=18110"}],"wp:term":[{"taxonomy":"category","embeddable":true,"href":"https:\/\/www.forum-soegel.de\/information\/wp-json\/wp\/v2\/categories?post=18110"},{"taxonomy":"post_tag","embeddable":true,"href":"https:\/\/www.forum-soegel.de\/information\/wp-json\/wp\/v2\/tags?post=18110"}],"curies":[{"name":"wp","href":"https:\/\/api.w.org\/{rel}","templated":true}]}}