{"id":18103,"date":"2016-02-07T09:22:18","date_gmt":"2016-02-07T08:22:18","guid":{"rendered":"https:\/\/www.forum-soegel.de\/information\/?p=18103"},"modified":"2016-02-07T09:22:18","modified_gmt":"2016-02-07T08:22:18","slug":"so-schnell-vergeht-die-zeit","status":"publish","type":"post","link":"https:\/\/www.forum-soegel.de\/information\/2016\/02\/so-schnell-vergeht-die-zeit\/","title":{"rendered":"So schnell vergeht die Zeit"},"content":{"rendered":"<p>S\u00f6gel &#8211; Die Weihnachtszeit, sie vergeht so schnell. Erinnern m\u00f6chten wir Sie jedoch noch einmal an den \u201eHeiligen Abend\u201c.<\/p>\n<p>Unter dem Motto \u201e An Heiligabend soll niemand alleine sein&#8220;, hat das <strong><em>Seniorenzentrum im l\u00e4ndlichen<\/em><\/strong> <strong><em>Raum-S\u00f6gel e.V.<\/em><\/strong>\u00a0 unter der Regie von Margret J\u00e4ckel zusammen mit ihrem Ehemann Norbert und dem Weihnachtsteam mit Hartmut und Giesela Heumann und Monika und Hans Pl\u00fcster einen ganz gem\u00fctlichen Abend f\u00fcr Seniorinnen und Senioren im Katharina-von-Bora-Haus geschaffen. Nach dem Weihnachtsgottesdienst \u00a0in der Markus-Kirche mit Pastor Matthias Voss\u00a0 richtete der 2. Vorsitzende\u00a0 Hendrik Hensen ein paar Worte an die 32 G\u00e4ste und er\u00f6ffnete den Abend.<\/p>\n<p>Auch der Nikolaus und sein Knecht Ruprecht lie\u00dfen es sich nicht nehmen dort vorbeizuschauen. Jeder der teilnehmenden G\u00e4ste erhielt ein vom Team zusammengestelltes P\u00e4ckchen. Aber auch die G\u00e4ste selbst hatten ein Wichtelgeschenk mitgebracht. \u00a0Musikalische Unterhaltung bot Pater Edmund vom Kapuzinerkloster Clemenswerth mit seiner Gitarre. So verlief der Abend wundersch\u00f6n:\u00a0 \u201eDas Essen, die Musik,\u00a0 das &#8217;nicht alleine sein&#8216;,\u00a0 einfach spitze und gelungen.&#8220;, lautete die einhellige Meinung der G\u00e4ste. Nachdem\u00a0 gegen 22.30 Uhr die sch\u00f6ne Feier zuende gegangen war, nutzten viele der G\u00e4ste den Shuttleservice mit dem vom Verein gestellten Bus, sodass alle wohlbehalten zu Hause ankamen.<\/p>\n<p>Ein gro\u00dfer Dank gilt allen, die an diesem sch\u00f6nen Abend mitgewirkt haben. Das \u201eSeniorenzentrum im l\u00e4ndlichen Raum e.V.\u201c freut sich auch am n\u00e4chsten Weihnachtsfest auf rege Teilnahme, denn an \u201eHeiligabend\u201c sollte niemand alleine Zuhause sein.<\/p>\n<p>Text\/Foto: Seniorenzentrum im l\u00e4ndlichen Raum S\u00f6gel e.V.<\/p>\n<p><a href=\"https:\/\/www.forum-soegel.de\/information\/wp-content\/uploads\/2016\/02\/So-schnell-vergeht-die-Zeit2.jpg\"><img loading=\"lazy\" decoding=\"async\" class=\"alignnone size-thumbnail wp-image-18105\" title=\"So schnell vergeht die Zeit2\" src=\"https:\/\/www.forum-soegel.de\/information\/wp-content\/uploads\/2016\/02\/So-schnell-vergeht-die-Zeit2-150x150.jpg\" alt=\"\" width=\"150\" height=\"150\" \/><\/a>\u00a0\u00a0<a href=\"https:\/\/www.forum-soegel.de\/information\/wp-content\/uploads\/2016\/02\/So-schnell-vergeht-die-Zeit3.jpg\"><img loading=\"lazy\" decoding=\"async\" class=\"alignnone size-thumbnail wp-image-18106\" title=\"So schnell vergeht die Zeit3\" src=\"https:\/\/www.forum-soegel.de\/information\/wp-content\/uploads\/2016\/02\/So-schnell-vergeht-die-Zeit3-150x150.jpg\" alt=\"\" width=\"150\" height=\"150\" \/><\/a><\/p>\n<p><a href=\"https:\/\/www.forum-soegel.de\/information\/wp-content\/uploads\/2016\/02\/So-schnell-vergeht-die-Zeit4.jpg\"><img loading=\"lazy\" decoding=\"async\" class=\"alignnone size-thumbnail wp-image-18107\" title=\"So schnell vergeht die Zeit4\" src=\"https:\/\/www.forum-soegel.de\/information\/wp-content\/uploads\/2016\/02\/So-schnell-vergeht-die-Zeit4-150x150.jpg\" alt=\"\" width=\"150\" height=\"150\" \/><\/a>\u00a0\u00a0<a href=\"https:\/\/www.forum-soegel.de\/information\/wp-content\/uploads\/2016\/02\/So-schnell-vergeht-die-Zeit5.jpg\"><img loading=\"lazy\" decoding=\"async\" class=\"alignnone size-thumbnail wp-image-18108\" title=\"So schnell vergeht die Zeit5\" src=\"https:\/\/www.forum-soegel.de\/information\/wp-content\/uploads\/2016\/02\/So-schnell-vergeht-die-Zeit5-150x150.jpg\" alt=\"\" width=\"150\" height=\"150\" \/><\/a><\/p>\n<p>&nbsp;<\/p>\n","protected":false},"excerpt":{"rendered":"S\u00f6gel &#8211; Die Weihnachtszeit, sie vergeht so schnell. Erinnern m\u00f6chten wir Sie jedoch noch einmal an den \u201eHeiligen Abend\u201c. Unter dem Motto \u201e An Heiligabend soll niemand alleine sein&#8220;, hat das Seniorenzentrum im l\u00e4ndlichen Raum-S\u00f6gel e.V.\u00a0 unter der Regie von Margret J\u00e4ckel zusammen mit ihrem Ehemann Norbert und dem Weihnachtsteam mit Hartmut und Giesela Heumann [&hellip;]\n","protected":false},"author":2,"featured_media":0,"comment_status":"closed","ping_status":"closed","sticky":false,"template":"","format":"standard","meta":{"ngg_post_thumbnail":0,"footnotes":""},"categories":[3],"tags":[],"class_list":["post-18103","post","type-post","status-publish","format-standard","hentry","category-aktuelles-aus-der-region"],"_links":{"self":[{"href":"https:\/\/www.forum-soegel.de\/information\/wp-json\/wp\/v2\/posts\/18103","targetHints":{"allow":["GET"]}}],"collection":[{"href":"https:\/\/www.forum-soegel.de\/information\/wp-json\/wp\/v2\/posts"}],"about":[{"href":"https:\/\/www.forum-soegel.de\/information\/wp-json\/wp\/v2\/types\/post"}],"author":[{"embeddable":true,"href":"https:\/\/www.forum-soegel.de\/information\/wp-json\/wp\/v2\/users\/2"}],"replies":[{"embeddable":true,"href":"https:\/\/www.forum-soegel.de\/information\/wp-json\/wp\/v2\/comments?post=18103"}],"version-history":[{"count":1,"href":"https:\/\/www.forum-soegel.de\/information\/wp-json\/wp\/v2\/posts\/18103\/revisions"}],"predecessor-version":[{"id":18109,"href":"https:\/\/www.forum-soegel.de\/information\/wp-json\/wp\/v2\/posts\/18103\/revisions\/18109"}],"wp:attachment":[{"href":"https:\/\/www.forum-soegel.de\/information\/wp-json\/wp\/v2\/media?parent=18103"}],"wp:term":[{"taxonomy":"category","embeddable":true,"href":"https:\/\/www.forum-soegel.de\/information\/wp-json\/wp\/v2\/categories?post=18103"},{"taxonomy":"post_tag","embeddable":true,"href":"https:\/\/www.forum-soegel.de\/information\/wp-json\/wp\/v2\/tags?post=18103"}],"curies":[{"name":"wp","href":"https:\/\/api.w.org\/{rel}","templated":true}]}}