{"id":18094,"date":"2016-02-07T09:16:53","date_gmt":"2016-02-07T08:16:53","guid":{"rendered":"https:\/\/www.forum-soegel.de\/information\/?p=18094"},"modified":"2016-02-07T09:18:07","modified_gmt":"2016-02-07T08:18:07","slug":"neujahrsempfang-2016-der-gemeinde-sogel","status":"publish","type":"post","link":"https:\/\/www.forum-soegel.de\/information\/2016\/02\/neujahrsempfang-2016-der-gemeinde-sogel\/","title":{"rendered":"Neujahrsempfang 2016 der Gemeinde S\u00f6gel"},"content":{"rendered":"<p>S\u00f6<a href=\"https:\/\/www.forum-soegel.de\/information\/wp-content\/uploads\/2016\/02\/Neujahrsempfang-2016-der-Gemeinde-S\u00f6gel31.jpg\"><img loading=\"lazy\" decoding=\"async\" class=\"alignleft size-medium wp-image-18100\" title=\"Neujahrsempfang 2016 der Gemeinde S\u00f6gel3\" src=\"https:\/\/www.forum-soegel.de\/information\/wp-content\/uploads\/2016\/02\/Neujahrsempfang-2016-der-Gemeinde-S\u00f6gel31-200x300.jpg\" alt=\"\" width=\"200\" height=\"300\" srcset=\"https:\/\/www.forum-soegel.de\/information\/wp-content\/uploads\/2016\/02\/Neujahrsempfang-2016-der-Gemeinde-S\u00f6gel31-200x300.jpg 200w, https:\/\/www.forum-soegel.de\/information\/wp-content\/uploads\/2016\/02\/Neujahrsempfang-2016-der-Gemeinde-S\u00f6gel31.jpg 512w\" sizes=\"auto, (max-width: 200px) 100vw, 200px\" \/><\/a>gel &#8211; Am Sonntag, dem 10. 1. 2016, fand im Heimathaus in S\u00f6gel der Neujahrsempfang statt. Er entwickelte mittlerweile eine solche Tradition, dass er trotz der hohen Besucherzahl die Atmosph\u00e4re eines Familientreffens hat. Jeder wurde beim Eintreffen von S\u00f6gels B\u00fcrgermeisterin Irmgard Welling und dem Verwaltungsleiter (sowie Samtgemeindeb\u00fcrgermeister) G\u00fcnter Wigbers pers\u00f6nlich mit guten W\u00fcnschen f\u00fcrs neue Jahr und Sekt oder Saft begr\u00fc\u00dft.<\/p>\n<p>Zwei Sch\u00fclerinnen (Gesang) und zwei Sch\u00fcler (Gitarre) sowie ein weiterer Sch\u00fcler (Technik im Hintergrund) umrahmten den offiziellen Teil des Empfangs unter Leitung ihres Lehrers J\u00fcrgen Jansen (alle Oberschule am Schloss) gekonnt musikalisch. I. Welling stie\u00df am Rednerpult zun\u00e4chst mit einem Glas Sekt\u00a0 auf ein Prosit Neujahr f\u00fcr alle an. Anschlie\u00dfend begr\u00fc\u00dfte sie besonders Rein Talens aus S\u00f6gels holl\u00e4ndischer Partnergemeinde seit drei\u00dfig Jahren. R. Talens war mit Gattin und Sohn erschienen.<\/p>\n<p>Dann rief I. Welling nochmals die Aktivit\u00e4ten der Gemeinde S\u00f6gel im vergangenen Jahre ins Bewusstsein. Dabei wurde dem Zuh\u00f6rer erneut deutlich, wie viel die Gemeinde auf etlichen Feldern geleistet hat. Seien es Neubauma\u00dfnahmen, Schulaula, Krankenhausmodernisierung, Ausbau der Kl\u00e4ranlage, Reaktivierung der Eisenbahnstrecke S\u00f6gel\/Lathen, Feuerwehrausstattung mit namhafter Hilfe der Firmen Weidemark und Ten Kate und vieles mehr. Das Jahr 2015 war prall ausgef\u00fcllt. Nat\u00fcrlich hat die Gemeinde S\u00f6gel nicht alle Projekte voll aus der Gemeindekasse finanzieren k\u00f6nnen. Dennoch sind S\u00f6gels Leistungen beachtlich. &#8211;<\/p>\n<p>S\u00f6gel wird ein elektronischer Hochgeschwindigkeitsort und arbeitet daran, eine sog. Fair-Trade-Town zu werden.<\/p>\n<p>I. Welling verwies auf die weitgestreuten B\u00fcrger-, Vereins- und Gemeindeaktivit\u00e4ten zur humanen Bew\u00e4ltigung des derzeitigen Fl\u00fcchtlingsproblems und nannte dabei die hohe Bedeutung der Ehrenamtlichen. Im Zusammenhang mit dem ehrenamtlichen B\u00fcrgerengagement hob sie die Schulen hervor und das Forum S\u00f6gel mit dessen Preis der Emsl\u00e4ndischen Landschaft f\u00fcr die Vielzahl an b\u00fcrgerschaftlichen Aktivit\u00e4ten. Zuletzt sprach I. Welling Ehrungen f\u00fcr mehrere Mitb\u00fcrgerinnen und -b\u00fcrger f\u00fcr deren Verdienste aus und unterstrich dies mit Blumenbouquets f\u00fcr jede\/n.<\/p>\n<p>Text\/Bild: UM<\/p>\n<p><a href=\"https:\/\/www.forum-soegel.de\/information\/wp-content\/uploads\/2016\/02\/Neujahrsempfang-2016-der-Gemeinde-S\u00f6gel1.jpg\"><img loading=\"lazy\" decoding=\"async\" class=\"alignnone size-thumbnail wp-image-18095\" title=\"Neujahrsempfang 2016 der Gemeinde S\u00f6gel1\" src=\"https:\/\/www.forum-soegel.de\/information\/wp-content\/uploads\/2016\/02\/Neujahrsempfang-2016-der-Gemeinde-S\u00f6gel1-150x150.jpg\" alt=\"\" width=\"150\" height=\"150\" \/><\/a>\u00a0\u00a0<a href=\"https:\/\/www.forum-soegel.de\/information\/wp-content\/uploads\/2016\/02\/Neujahrsempfang-2016-der-Gemeinde-S\u00f6gel2.jpg\"><img loading=\"lazy\" decoding=\"async\" class=\"alignnone size-thumbnail wp-image-18096\" title=\"Neujahrsempfang 2016 der Gemeinde S\u00f6gel2\" src=\"https:\/\/www.forum-soegel.de\/information\/wp-content\/uploads\/2016\/02\/Neujahrsempfang-2016-der-Gemeinde-S\u00f6gel2-150x150.jpg\" alt=\"\" width=\"150\" height=\"150\" \/><\/a>\u00a0\u00a0<a href=\"https:\/\/www.forum-soegel.de\/information\/wp-content\/uploads\/2016\/02\/Neujahrsempfang-2016-der-Gemeinde-S\u00f6gel4.jpg\"><img loading=\"lazy\" decoding=\"async\" class=\"alignnone size-thumbnail wp-image-18098\" title=\"Neujahrsempfang 2016 der Gemeinde S\u00f6gel4\" src=\"https:\/\/www.forum-soegel.de\/information\/wp-content\/uploads\/2016\/02\/Neujahrsempfang-2016-der-Gemeinde-S\u00f6gel4-150x150.jpg\" alt=\"\" width=\"150\" height=\"150\" \/><\/a><\/p>\n","protected":false},"excerpt":{"rendered":"S\u00f6gel &#8211; Am Sonntag, dem 10. 1. 2016, fand im Heimathaus in S\u00f6gel der Neujahrsempfang statt. Er entwickelte mittlerweile eine solche Tradition, dass er trotz der hohen Besucherzahl die Atmosph\u00e4re eines Familientreffens hat. Jeder wurde beim Eintreffen von S\u00f6gels B\u00fcrgermeisterin Irmgard Welling und dem Verwaltungsleiter (sowie Samtgemeindeb\u00fcrgermeister) G\u00fcnter Wigbers pers\u00f6nlich mit guten W\u00fcnschen f\u00fcrs neue [&hellip;]\n","protected":false},"author":2,"featured_media":0,"comment_status":"closed","ping_status":"closed","sticky":false,"template":"","format":"standard","meta":{"ngg_post_thumbnail":0,"footnotes":""},"categories":[3],"tags":[],"class_list":["post-18094","post","type-post","status-publish","format-standard","hentry","category-aktuelles-aus-der-region"],"_links":{"self":[{"href":"https:\/\/www.forum-soegel.de\/information\/wp-json\/wp\/v2\/posts\/18094","targetHints":{"allow":["GET"]}}],"collection":[{"href":"https:\/\/www.forum-soegel.de\/information\/wp-json\/wp\/v2\/posts"}],"about":[{"href":"https:\/\/www.forum-soegel.de\/information\/wp-json\/wp\/v2\/types\/post"}],"author":[{"embeddable":true,"href":"https:\/\/www.forum-soegel.de\/information\/wp-json\/wp\/v2\/users\/2"}],"replies":[{"embeddable":true,"href":"https:\/\/www.forum-soegel.de\/information\/wp-json\/wp\/v2\/comments?post=18094"}],"version-history":[{"count":3,"href":"https:\/\/www.forum-soegel.de\/information\/wp-json\/wp\/v2\/posts\/18094\/revisions"}],"predecessor-version":[{"id":18101,"href":"https:\/\/www.forum-soegel.de\/information\/wp-json\/wp\/v2\/posts\/18094\/revisions\/18101"}],"wp:attachment":[{"href":"https:\/\/www.forum-soegel.de\/information\/wp-json\/wp\/v2\/media?parent=18094"}],"wp:term":[{"taxonomy":"category","embeddable":true,"href":"https:\/\/www.forum-soegel.de\/information\/wp-json\/wp\/v2\/categories?post=18094"},{"taxonomy":"post_tag","embeddable":true,"href":"https:\/\/www.forum-soegel.de\/information\/wp-json\/wp\/v2\/tags?post=18094"}],"curies":[{"name":"wp","href":"https:\/\/api.w.org\/{rel}","templated":true}]}}