{"id":18091,"date":"2016-02-07T09:14:39","date_gmt":"2016-02-07T08:14:39","guid":{"rendered":"https:\/\/www.forum-soegel.de\/information\/?p=18091"},"modified":"2016-02-07T09:14:39","modified_gmt":"2016-02-07T08:14:39","slug":"neue-schulerlotsen-in-borger","status":"publish","type":"post","link":"https:\/\/www.forum-soegel.de\/information\/2016\/02\/neue-schulerlotsen-in-borger\/","title":{"rendered":"Neue Sch\u00fclerlotsen in B\u00f6rger"},"content":{"rendered":"<p style=\"text-align: left;\" align=\"center\"><strong>Umzug der Grundsch\u00fcler erfordert mehr Sicherheitsma\u00dfnahmen<\/strong><\/p>\n<p>B\u00f6rger &#8211; \u201eGemeinsam f\u00fcr den sicheren Schulweg unserer Kinder!\u201c Dieses Motto regte den ein oder anderen an, sich in die Aufgaben eines Verkehrshelfers einweisen zu lassen, so Klaus Meyners, 1. Vorsitzender des F\u00f6rdervereins f\u00fcr Kinder- und Jugendarbeit B\u00f6rger.<\/p>\n<p>Der bevorstehende Umzug der Grundsch\u00fcler in das Geb\u00e4ude der ehemaligen Hauptschule, die an einer viel befahrenen Kreuzung liegt, stelle eine Gefahrensituation insbesondere f\u00fcr die\u00a0 j\u00fcngeren Kinder dar. Dies bereite vielen Eltern und Lehrern Kopfzerbrechen. Initiiert durch den\u00a0 F\u00f6rderverein f\u00fcr Kinder\u2013 und Jugendarbeit e.V. B\u00f6rger in enger Zusammenarbeit mit dem Elternrat der Grund- und Hauptschule B\u00f6rger, konnten viele neue Lotsen gefunden werden.<\/p>\n<p>Neben Eltern und Gro\u00dfeltern haben sich Sch\u00fclerinnen und Sch\u00fcler der Realschule B\u00f6rger (FSH) bereit erkl\u00e4rt, als Verkehrshelfer ehrenamtlich t\u00e4tig zu werden. Dennoch werden weitere Verkehrshelfer gesucht: Interessierte k\u00f6nnen sich wenden an den F\u00f6rderverein f\u00fcr Kinder und Jugendarbeit e.V. \u00a0oder der Gemeinde B\u00f6rger (<a href=\"https:\/\/www.juki-boerger.de\/\">www.juki-boerger.de<\/a>, Telefon 05953 &#8211; 323).<\/p>\n<p>Text\/Foto: Ingrid Cloppenburg<\/p>\n<p><a href=\"https:\/\/www.forum-soegel.de\/information\/wp-content\/uploads\/2016\/02\/Neue-Sch\u00fclerlotsen-in-B\u00f6rger.jpg\"><img loading=\"lazy\" decoding=\"async\" class=\"alignnone size-medium wp-image-18092\" title=\"Neue Sch\u00fclerlotsen in B\u00f6rger\" src=\"https:\/\/www.forum-soegel.de\/information\/wp-content\/uploads\/2016\/02\/Neue-Sch\u00fclerlotsen-in-B\u00f6rger-300x186.jpg\" alt=\"\" width=\"300\" height=\"186\" srcset=\"https:\/\/www.forum-soegel.de\/information\/wp-content\/uploads\/2016\/02\/Neue-Sch\u00fclerlotsen-in-B\u00f6rger-300x186.jpg 300w, https:\/\/www.forum-soegel.de\/information\/wp-content\/uploads\/2016\/02\/Neue-Sch\u00fclerlotsen-in-B\u00f6rger.jpg 1024w\" sizes=\"auto, (max-width: 300px) 100vw, 300px\" \/><\/a><\/p>\n","protected":false},"excerpt":{"rendered":"Umzug der Grundsch\u00fcler erfordert mehr Sicherheitsma\u00dfnahmen B\u00f6rger &#8211; \u201eGemeinsam f\u00fcr den sicheren Schulweg unserer Kinder!\u201c Dieses Motto regte den ein oder anderen an, sich in die Aufgaben eines Verkehrshelfers einweisen zu lassen, so Klaus Meyners, 1. Vorsitzender des F\u00f6rdervereins f\u00fcr Kinder- und Jugendarbeit B\u00f6rger. Der bevorstehende Umzug der Grundsch\u00fcler in das Geb\u00e4ude der ehemaligen Hauptschule, [&hellip;]\n","protected":false},"author":2,"featured_media":0,"comment_status":"closed","ping_status":"closed","sticky":false,"template":"","format":"standard","meta":{"ngg_post_thumbnail":0,"footnotes":""},"categories":[3],"tags":[],"class_list":["post-18091","post","type-post","status-publish","format-standard","hentry","category-aktuelles-aus-der-region"],"_links":{"self":[{"href":"https:\/\/www.forum-soegel.de\/information\/wp-json\/wp\/v2\/posts\/18091","targetHints":{"allow":["GET"]}}],"collection":[{"href":"https:\/\/www.forum-soegel.de\/information\/wp-json\/wp\/v2\/posts"}],"about":[{"href":"https:\/\/www.forum-soegel.de\/information\/wp-json\/wp\/v2\/types\/post"}],"author":[{"embeddable":true,"href":"https:\/\/www.forum-soegel.de\/information\/wp-json\/wp\/v2\/users\/2"}],"replies":[{"embeddable":true,"href":"https:\/\/www.forum-soegel.de\/information\/wp-json\/wp\/v2\/comments?post=18091"}],"version-history":[{"count":1,"href":"https:\/\/www.forum-soegel.de\/information\/wp-json\/wp\/v2\/posts\/18091\/revisions"}],"predecessor-version":[{"id":18093,"href":"https:\/\/www.forum-soegel.de\/information\/wp-json\/wp\/v2\/posts\/18091\/revisions\/18093"}],"wp:attachment":[{"href":"https:\/\/www.forum-soegel.de\/information\/wp-json\/wp\/v2\/media?parent=18091"}],"wp:term":[{"taxonomy":"category","embeddable":true,"href":"https:\/\/www.forum-soegel.de\/information\/wp-json\/wp\/v2\/categories?post=18091"},{"taxonomy":"post_tag","embeddable":true,"href":"https:\/\/www.forum-soegel.de\/information\/wp-json\/wp\/v2\/tags?post=18091"}],"curies":[{"name":"wp","href":"https:\/\/api.w.org\/{rel}","templated":true}]}}