{"id":18087,"date":"2016-02-07T08:21:53","date_gmt":"2016-02-07T07:21:53","guid":{"rendered":"https:\/\/www.forum-soegel.de\/information\/?p=18087"},"modified":"2016-02-07T08:21:53","modified_gmt":"2016-02-07T07:21:53","slug":"gieseke-losung-kann-nur-europaisch-sein","status":"publish","type":"post","link":"https:\/\/www.forum-soegel.de\/information\/2016\/02\/gieseke-losung-kann-nur-europaisch-sein\/","title":{"rendered":"Gieseke: L\u00f6sung kann nur europ\u00e4isch sein"},"content":{"rendered":"<p style=\"text-align: left;\" align=\"center\"><strong>Europaabgeordneter verschafft sich vor Ort einen \u00dcberblick<\/strong><\/p>\n<p align=\"left\">S\u00f6gel &#8211; Europaabgeordneter Jens Gieseke verschaffte sich in der Gro\u00dfraumturnhalle S\u00f6gel einen \u00dcberblick \u00fcber die Situation der Fl\u00fcchtlinge. Hier wurde vom Landkreis Emsland im Wege der Amtshilfe f\u00fcr das Land Niedersachsen eine provisorische Notunterkunft eingerichtet. In Begleitung von Marc-Andr\u00e9 Burgdorf, Dezernent des Landkreises Emsland, der B\u00fcrgermeisterin Irmgard Welling, dem B\u00fcrgermeister der Samtgemeinde S\u00f6gel G\u00fcnter Wigbers, lie\u00df er sich das Verfahren nach Ankunft von Fl\u00fcchtlingen in der Notunterkunft von Thomas Eilers, Malteser Hilfsdienst, erkl\u00e4ren.<\/p>\n<p align=\"left\">Eilers als Leiter der Notunterkunft erkl\u00e4rte, dass zun\u00e4chst bei Ankunft\u00a0 neuer Fl\u00fcchtlinge eine Mahlzeit in dem neben der Turnhalle stehenden beheizten Zelt gereicht werde, da die Fl\u00fcchtlinge eine lange Fahrt hinter sich haben. Dann erfolgen eine namentliche Anmeldung und eine Erstuntersuchung beim Arzt. Den Fl\u00fcchtlingen wird ein Platz in der Gro\u00dfraumturnhalle zugewiesen. Einige der Fl\u00fcchtlinge seien von der ersten Aufnahme in der Turnhalle, andere blieben nur f\u00fcr Tage oder gar Stunden. Die Fl\u00fcchtlinge nutzen die Vermittlung des Landkreises Emsland, mit einem Bus nach Bramsche zu fahren und sich dort offiziell registrieren zu lassen.<\/p>\n<p align=\"left\">Zwischenzeitlich sei vom Malteser Hilfsdienst ein Freizeit- und Sprachunterrichtsangebot eingerichtet worden, welches rege genutzt werde. Eine regelm\u00e4\u00dfige \u00e4rztliche Versorgung werde ebenfalls gew\u00e4hrleistet.<\/p>\n<p align=\"left\">\u201eNotunterk\u00fcnfte hei\u00dfen so, weil sie f\u00fcr den Notfall sind. Hier finden die Fl\u00fcchtlinge erst einmal ein Dach \u00fcber dem Kopf und werden vor der Obdachlosigkeit bewahrt\u201c,\u00a0 erkl\u00e4rte Burgdorf. Im Januar 2016 rechnet Burgdorf mit einem Umzug der Fl\u00fcchtlinge in die dann neu eingerichtete Unterkunft in Aschendorf.<\/p>\n<p align=\"left\">Gieseke bedankte sich gemeinsam mit den anderen G\u00e4ste bei Eilers: \u201eWas die Helfer des Malteser hier in S\u00f6gel leisten, ist enorm. Ich habe hohen Respekt vor der Arbeit. Die Ehrenamtlichen machen das alles in ihrer Freizeit.\u201c Abschlie\u00dfend stellte er fest: \u201eDie L\u00f6sung kann nur europ\u00e4isch sein: Endlich sichere und feste Au\u00dfengrenzen und eine Registrierung dort. Und dann braucht es ein faires Verteil-System. Wenn ich als Fl\u00fcchtling auch damit rechnen muss, mein Asyl in Litauen zu bekommen, dann zeigt sich schnell, wer politisches Asyl wirklich braucht und wer aus anderen Gr\u00fcnden zu uns kommt. Dazu leiste ich in Br\u00fcssel t\u00e4glich \u00dcberzeugungsarbeit.\u201c<\/p>\n<p align=\"left\">Text\/Foto: Ingrid Cloppenburg<\/p>\n<div id=\"attachment_18088\" style=\"width: 310px\" class=\"wp-caption alignnone\"><a href=\"https:\/\/www.forum-soegel.de\/information\/wp-content\/uploads\/2016\/02\/Gieseke-L\u00f6sung-kann-nur-europ\u00e4isch-sein.jpg\"><img loading=\"lazy\" decoding=\"async\" aria-describedby=\"caption-attachment-18088\" class=\"size-medium wp-image-18088\" title=\"Gieseke L\u00f6sung kann nur europ\u00e4isch sein\" src=\"https:\/\/www.forum-soegel.de\/information\/wp-content\/uploads\/2016\/02\/Gieseke-L\u00f6sung-kann-nur-europ\u00e4isch-sein-300x225.jpg\" alt=\"\" width=\"300\" height=\"225\" srcset=\"https:\/\/www.forum-soegel.de\/information\/wp-content\/uploads\/2016\/02\/Gieseke-L\u00f6sung-kann-nur-europ\u00e4isch-sein-300x225.jpg 300w, https:\/\/www.forum-soegel.de\/information\/wp-content\/uploads\/2016\/02\/Gieseke-L\u00f6sung-kann-nur-europ\u00e4isch-sein.jpg 1024w\" sizes=\"auto, (max-width: 300px) 100vw, 300px\" \/><\/a><p id=\"caption-attachment-18088\" class=\"wp-caption-text\">v.l.: G\u00fcnter Wigbers, Fl\u00fcchtlingsbeauftragter der Samtgemeinde S\u00f6gel Johannes Brachem, Irmgard Welling, Marc-Andr\u00e9 Burgdorf, Jens Gieseke und Thomas Eilers.<\/p><\/div>\n<p align=\"left\">\n","protected":false},"excerpt":{"rendered":"Europaabgeordneter verschafft sich vor Ort einen \u00dcberblick S\u00f6gel &#8211; Europaabgeordneter Jens Gieseke verschaffte sich in der Gro\u00dfraumturnhalle S\u00f6gel einen \u00dcberblick \u00fcber die Situation der Fl\u00fcchtlinge. Hier wurde vom Landkreis Emsland im Wege der Amtshilfe f\u00fcr das Land Niedersachsen eine provisorische Notunterkunft eingerichtet. In Begleitung von Marc-Andr\u00e9 Burgdorf, Dezernent des Landkreises Emsland, der B\u00fcrgermeisterin Irmgard Welling, [&hellip;]\n","protected":false},"author":2,"featured_media":0,"comment_status":"closed","ping_status":"closed","sticky":false,"template":"","format":"standard","meta":{"ngg_post_thumbnail":0,"footnotes":""},"categories":[3],"tags":[],"class_list":["post-18087","post","type-post","status-publish","format-standard","hentry","category-aktuelles-aus-der-region"],"_links":{"self":[{"href":"https:\/\/www.forum-soegel.de\/information\/wp-json\/wp\/v2\/posts\/18087","targetHints":{"allow":["GET"]}}],"collection":[{"href":"https:\/\/www.forum-soegel.de\/information\/wp-json\/wp\/v2\/posts"}],"about":[{"href":"https:\/\/www.forum-soegel.de\/information\/wp-json\/wp\/v2\/types\/post"}],"author":[{"embeddable":true,"href":"https:\/\/www.forum-soegel.de\/information\/wp-json\/wp\/v2\/users\/2"}],"replies":[{"embeddable":true,"href":"https:\/\/www.forum-soegel.de\/information\/wp-json\/wp\/v2\/comments?post=18087"}],"version-history":[{"count":1,"href":"https:\/\/www.forum-soegel.de\/information\/wp-json\/wp\/v2\/posts\/18087\/revisions"}],"predecessor-version":[{"id":18089,"href":"https:\/\/www.forum-soegel.de\/information\/wp-json\/wp\/v2\/posts\/18087\/revisions\/18089"}],"wp:attachment":[{"href":"https:\/\/www.forum-soegel.de\/information\/wp-json\/wp\/v2\/media?parent=18087"}],"wp:term":[{"taxonomy":"category","embeddable":true,"href":"https:\/\/www.forum-soegel.de\/information\/wp-json\/wp\/v2\/categories?post=18087"},{"taxonomy":"post_tag","embeddable":true,"href":"https:\/\/www.forum-soegel.de\/information\/wp-json\/wp\/v2\/tags?post=18087"}],"curies":[{"name":"wp","href":"https:\/\/api.w.org\/{rel}","templated":true}]}}