{"id":18084,"date":"2016-02-07T08:20:00","date_gmt":"2016-02-07T07:20:00","guid":{"rendered":"https:\/\/www.forum-soegel.de\/information\/?p=18084"},"modified":"2016-02-07T08:20:00","modified_gmt":"2016-02-07T07:20:00","slug":"fluchtlinge-lernen-deutsch","status":"publish","type":"post","link":"https:\/\/www.forum-soegel.de\/information\/2016\/02\/fluchtlinge-lernen-deutsch\/","title":{"rendered":"Fl\u00fcchtlinge lernen Deutsch"},"content":{"rendered":"<p style=\"text-align: left;\" align=\"center\"><strong>Sprachkurse in Spahnharrenst\u00e4tte und S\u00f6gel gestartet<\/strong><\/p>\n<p style=\"text-align: left;\" align=\"center\">Spahnharrenst\u00e4tte\/S\u00f6gel: Gleich zwei Sprachkurse f\u00fcr Fl\u00fcchtlinge begannen in der Samtgemeinde S\u00f6gel. Zum einen ein Kurs von der Katholischen Erwachsenenbildung (KEB) in S\u00f6gel im Wei\u00dfen Haus, ein weiterer Deutschkurs wird von der Volkshochschule (VHS) Papenburg f\u00fcr die in Spahnharrenst\u00e4tte lebenden Syrer angeboten. Der 320 Unterrichtsstunden umfassende Kurs in Spahnharrenst\u00e4tte dient zur \u00dcberbr\u00fcckung der Wartezeit bis zur Entscheidung des Asylantrages. Fl\u00fcchtlingsbeauftragter der Samtgemeinde S\u00f6gel Johannes Brachem erkl\u00e4rte dazu, dass dieser im Rahmen eines kurzfristigen und unb\u00fcrokratischen Programmes der Bundesagentur f\u00fcr Arbeit bewilligt worden sei. Teilnehmen d\u00fcrfen Fl\u00fcchtlinge aus den nicht sicheren Herkunftsl\u00e4ndern Syrien, Iran, Irak und Eritrea, da hier hohe Chancen auf Gestattung des Asylantrages best\u00fcnden. F\u00fcr den Sprachkurs setzt die VHS Papenburg drei Dozenten ein, die abwechselnd an f\u00fcnf Tagen in der Woche jeweils f\u00fcnf Stunden lang im ehemaligen Gemeindeb\u00fcro\u00a0 die deutsche Sprache vermitteln. Dozent Thomas Hornischer dazu: \u201eEinige der Sch\u00fcler haben bereits im Vorfeld vom ehemaligen B\u00fcrgermeister der Gemeinde Spahnharrenst\u00e4tte, Hubert Lager, Unterricht bekommen. Das kommt ihnen jetzt zugute.\u201c Brachem erg\u00e4nzte: \u201eWenn der Asylantrag positiv entschieden wird, besteht ein Recht und eine Verpflichtung zur Teilnahme an einem 600-st\u00fcndigen Integrationskurs. Der jetzige Sprachkurs kann dann darauf angerechnet werden.\u201c Auf den Integrationskurs folge dann der Einb\u00fcrgerungstest.\u00a0 Ein weiterer Sprachkurs ist im S\u00f6geler \u201eWei\u00dfen Haus\u201c gestartet. Dieser wird von der KEB S\u00f6gel angeboten und durch das Land Niedersachsen finanziert. \u201eDas Besondere an diesem Kurs ist, dass er offen f\u00fcr alle Fl\u00fcchtlinge ist, die die deutsche Sprache lernen oder vertiefen m\u00f6chten.\u201c So bilden die Sch\u00fcler eine bunte Schar an Lernwilligen mit verschiedenen Sprachkenntnissen und Sprachen. \u201eEin Team aus pensionierten Lehrerinnen und Lehrern aus der Gemeinde S\u00f6gel hat sich als Dozenten f\u00fcr diesen Sprachkurs gebildet, die diese Aufgabe mit hoher Motivation angehen\u201c, freut Brachem sich.<\/p>\n<p>Text\/Foto: Ingrid Cloppenburg<\/p>\n<div id=\"attachment_18085\" style=\"width: 310px\" class=\"wp-caption alignnone\"><a href=\"https:\/\/www.forum-soegel.de\/information\/wp-content\/uploads\/2016\/02\/Fl\u00fcchtlinge-lernen-Deutsch.jpg\"><img loading=\"lazy\" decoding=\"async\" aria-describedby=\"caption-attachment-18085\" class=\"size-medium wp-image-18085\" title=\"Fl\u00fcchtlinge lernen Deutsch\" src=\"https:\/\/www.forum-soegel.de\/information\/wp-content\/uploads\/2016\/02\/Fl\u00fcchtlinge-lernen-Deutsch-300x172.jpg\" alt=\"\" width=\"300\" height=\"172\" srcset=\"https:\/\/www.forum-soegel.de\/information\/wp-content\/uploads\/2016\/02\/Fl\u00fcchtlinge-lernen-Deutsch-300x172.jpg 300w, https:\/\/www.forum-soegel.de\/information\/wp-content\/uploads\/2016\/02\/Fl\u00fcchtlinge-lernen-Deutsch.jpg 1024w\" sizes=\"auto, (max-width: 300px) 100vw, 300px\" \/><\/a><p id=\"caption-attachment-18085\" class=\"wp-caption-text\">Im ehemaligen Spahnharrenst\u00e4tter Gemeindeb\u00fcro erhalten Syrer Sprachunterricht.<\/p><\/div>\n<p>&nbsp;<\/p>\n","protected":false},"excerpt":{"rendered":"Sprachkurse in Spahnharrenst\u00e4tte und S\u00f6gel gestartet Spahnharrenst\u00e4tte\/S\u00f6gel: Gleich zwei Sprachkurse f\u00fcr Fl\u00fcchtlinge begannen in der Samtgemeinde S\u00f6gel. Zum einen ein Kurs von der Katholischen Erwachsenenbildung (KEB) in S\u00f6gel im Wei\u00dfen Haus, ein weiterer Deutschkurs wird von der Volkshochschule (VHS) Papenburg f\u00fcr die in Spahnharrenst\u00e4tte lebenden Syrer angeboten. Der 320 Unterrichtsstunden umfassende Kurs in Spahnharrenst\u00e4tte dient [&hellip;]\n","protected":false},"author":2,"featured_media":0,"comment_status":"closed","ping_status":"closed","sticky":false,"template":"","format":"standard","meta":{"ngg_post_thumbnail":0,"footnotes":""},"categories":[3],"tags":[],"class_list":["post-18084","post","type-post","status-publish","format-standard","hentry","category-aktuelles-aus-der-region"],"_links":{"self":[{"href":"https:\/\/www.forum-soegel.de\/information\/wp-json\/wp\/v2\/posts\/18084","targetHints":{"allow":["GET"]}}],"collection":[{"href":"https:\/\/www.forum-soegel.de\/information\/wp-json\/wp\/v2\/posts"}],"about":[{"href":"https:\/\/www.forum-soegel.de\/information\/wp-json\/wp\/v2\/types\/post"}],"author":[{"embeddable":true,"href":"https:\/\/www.forum-soegel.de\/information\/wp-json\/wp\/v2\/users\/2"}],"replies":[{"embeddable":true,"href":"https:\/\/www.forum-soegel.de\/information\/wp-json\/wp\/v2\/comments?post=18084"}],"version-history":[{"count":1,"href":"https:\/\/www.forum-soegel.de\/information\/wp-json\/wp\/v2\/posts\/18084\/revisions"}],"predecessor-version":[{"id":18086,"href":"https:\/\/www.forum-soegel.de\/information\/wp-json\/wp\/v2\/posts\/18084\/revisions\/18086"}],"wp:attachment":[{"href":"https:\/\/www.forum-soegel.de\/information\/wp-json\/wp\/v2\/media?parent=18084"}],"wp:term":[{"taxonomy":"category","embeddable":true,"href":"https:\/\/www.forum-soegel.de\/information\/wp-json\/wp\/v2\/categories?post=18084"},{"taxonomy":"post_tag","embeddable":true,"href":"https:\/\/www.forum-soegel.de\/information\/wp-json\/wp\/v2\/tags?post=18084"}],"curies":[{"name":"wp","href":"https:\/\/api.w.org\/{rel}","templated":true}]}}