{"id":18080,"date":"2016-02-07T08:17:56","date_gmt":"2016-02-07T07:17:56","guid":{"rendered":"https:\/\/www.forum-soegel.de\/information\/?p=18080"},"modified":"2016-02-07T08:17:56","modified_gmt":"2016-02-07T07:17:56","slug":"es-begab-sich-zu-der-zeit%e2%80%a6","status":"publish","type":"post","link":"https:\/\/www.forum-soegel.de\/information\/2016\/02\/es-begab-sich-zu-der-zeit%e2%80%a6\/","title":{"rendered":"Es begab sich zu der Zeit\u2026."},"content":{"rendered":"<p style=\"text-align: left;\" align=\"center\"><strong>Senioren-Union Aschendorf-H\u00fcmmling feiert Adventsnachmittag<\/strong><\/p>\n<p style=\"text-align: left;\" align=\"center\"><strong><\/strong><a href=\"https:\/\/www.forum-soegel.de\/information\/wp-content\/uploads\/2016\/02\/Es-begab-sich-zu-der-Zeit1.jpg\"><img loading=\"lazy\" decoding=\"async\" class=\"alignleft size-medium wp-image-18081\" title=\"Es begab sich zu der Zeit1\" src=\"https:\/\/www.forum-soegel.de\/information\/wp-content\/uploads\/2016\/02\/Es-begab-sich-zu-der-Zeit1-300x168.jpg\" alt=\"\" width=\"300\" height=\"168\" srcset=\"https:\/\/www.forum-soegel.de\/information\/wp-content\/uploads\/2016\/02\/Es-begab-sich-zu-der-Zeit1-300x168.jpg 300w, https:\/\/www.forum-soegel.de\/information\/wp-content\/uploads\/2016\/02\/Es-begab-sich-zu-der-Zeit1.jpg 1024w\" sizes=\"auto, (max-width: 300px) 100vw, 300px\" \/><\/a>S\u00f6gel &#8211; \u00dcber 200 Seniorinnen und Senioren folgten der\u00a0 Einladung des Kreisvorsitzenden Robert Segna in das Waldhotel Surwold zu dieser schon traditionellen Veranstaltung. Segna und seine Vorstandsmitglieder haben ein sehr besinnliches, vorweihnachtliches Programm zusammengestellt.<\/p>\n<p align=\"left\">Der Chor St. Vitus Lathen bot den musikalischen Rahmen mit Weihnachtsliedern, die man nicht alle Tage h\u00f6rt.<\/p>\n<p align=\"left\">Einen besonderen H\u00f6hepunkt bildeten, nach der Begr\u00fc\u00dfung durch Robert Segna, \u00a0die von der Bundestagsabgeordneten Gitta Connemann \u00fcberbrachten \u201evorweihnachtlichen Gr\u00fc\u00dfe aus Berlin\u201c.<\/p>\n<p align=\"left\">Mit\u00a0 Ausz\u00fcgen aus der Weihnachtsgeschichte Lukas, Kap.2 zeigte sie eine Verbindung auf zu den Geschehnissen, die uns in den letzten Monaten in Deutschland und Europa besch\u00e4ftigen.<\/p>\n<p align=\"left\">Sie stimmte die Anwesenden auf eine bewegende Nachdenklichkeit ein.<\/p>\n<p align=\"left\">Nach einer st\u00e4rkenden Kaffee- Kuchen- Stollen \u2013 Pause erteilte Segna dem Akademiedirektor Dr. Michael Reitemeyer, Leiter des Ludwig- Windhorst &#8211; Hauses in Lingen, das Wort.<\/p>\n<p align=\"left\">Unter der Thematik \u201eDemokratie \u2013 Welt \u2013 Gestalten\u201c informierte Reitemeyer \u00fcber die Schwerpunkte der Arbeit des LWH im Gedenkjahr des 125. Todestages von Ludwig Windhorst.<\/p>\n<p align=\"left\">Gleichzeitig verwies er auf viele Veranstaltungen im n\u00e4chsten Jahr.<\/p>\n<p align=\"left\">Der dann folgende dritte Teil dieses Nachmittags lud im wahrsten Sinne des Einladungsschreibens zu einer \u201eAdventlichen Besinnung\u201c ein.<\/p>\n<p align=\"left\">Wieder mit Chormusik\u00a0 und drei (eine up Plattd\u00fctsch) vorgetragenen Geschichten die auch hier zum Nachdenken, aber auch zum Schmunzeln anregten: Wiehnachtdahlers &#8211; \u00a0von Bernd Tegeder,<\/p>\n<p align=\"left\">zum 100. Geburtstag &#8211; \u00a0vorgetragen von Maria Frank und die Geschichte vom Lametta &#8211; \u00a0von Wulfhard Kintz.<\/p>\n<p align=\"left\">Das anspruchsvolle Programm schloss mit dem gemeinsam gesungenen Lied \u201eGro\u00dfer Gott wir loben dich\u201c<\/p>\n<p align=\"left\">Text\/Fotos: Klaus Sch\u00e4ffner<\/p>\n<p align=\"left\"><a href=\"https:\/\/www.forum-soegel.de\/information\/wp-content\/uploads\/2016\/02\/Es-begab-sich-zu-der-Zeit2.jpg\"><img loading=\"lazy\" decoding=\"async\" class=\"alignnone size-medium wp-image-18082\" title=\"Es begab sich zu der Zeit2\" src=\"https:\/\/www.forum-soegel.de\/information\/wp-content\/uploads\/2016\/02\/Es-begab-sich-zu-der-Zeit2-300x168.jpg\" alt=\"\" width=\"300\" height=\"168\" srcset=\"https:\/\/www.forum-soegel.de\/information\/wp-content\/uploads\/2016\/02\/Es-begab-sich-zu-der-Zeit2-300x168.jpg 300w, https:\/\/www.forum-soegel.de\/information\/wp-content\/uploads\/2016\/02\/Es-begab-sich-zu-der-Zeit2.jpg 1024w\" sizes=\"auto, (max-width: 300px) 100vw, 300px\" \/><\/a><\/p>\n","protected":false},"excerpt":{"rendered":"Senioren-Union Aschendorf-H\u00fcmmling feiert Adventsnachmittag S\u00f6gel &#8211; \u00dcber 200 Seniorinnen und Senioren folgten der\u00a0 Einladung des Kreisvorsitzenden Robert Segna in das Waldhotel Surwold zu dieser schon traditionellen Veranstaltung. Segna und seine Vorstandsmitglieder haben ein sehr besinnliches, vorweihnachtliches Programm zusammengestellt. Der Chor St. Vitus Lathen bot den musikalischen Rahmen mit Weihnachtsliedern, die man nicht alle Tage h\u00f6rt. [&hellip;]\n","protected":false},"author":2,"featured_media":0,"comment_status":"closed","ping_status":"closed","sticky":false,"template":"","format":"standard","meta":{"ngg_post_thumbnail":0,"footnotes":""},"categories":[3],"tags":[],"class_list":["post-18080","post","type-post","status-publish","format-standard","hentry","category-aktuelles-aus-der-region"],"_links":{"self":[{"href":"https:\/\/www.forum-soegel.de\/information\/wp-json\/wp\/v2\/posts\/18080","targetHints":{"allow":["GET"]}}],"collection":[{"href":"https:\/\/www.forum-soegel.de\/information\/wp-json\/wp\/v2\/posts"}],"about":[{"href":"https:\/\/www.forum-soegel.de\/information\/wp-json\/wp\/v2\/types\/post"}],"author":[{"embeddable":true,"href":"https:\/\/www.forum-soegel.de\/information\/wp-json\/wp\/v2\/users\/2"}],"replies":[{"embeddable":true,"href":"https:\/\/www.forum-soegel.de\/information\/wp-json\/wp\/v2\/comments?post=18080"}],"version-history":[{"count":1,"href":"https:\/\/www.forum-soegel.de\/information\/wp-json\/wp\/v2\/posts\/18080\/revisions"}],"predecessor-version":[{"id":18083,"href":"https:\/\/www.forum-soegel.de\/information\/wp-json\/wp\/v2\/posts\/18080\/revisions\/18083"}],"wp:attachment":[{"href":"https:\/\/www.forum-soegel.de\/information\/wp-json\/wp\/v2\/media?parent=18080"}],"wp:term":[{"taxonomy":"category","embeddable":true,"href":"https:\/\/www.forum-soegel.de\/information\/wp-json\/wp\/v2\/categories?post=18080"},{"taxonomy":"post_tag","embeddable":true,"href":"https:\/\/www.forum-soegel.de\/information\/wp-json\/wp\/v2\/tags?post=18080"}],"curies":[{"name":"wp","href":"https:\/\/api.w.org\/{rel}","templated":true}]}}