{"id":18077,"date":"2016-02-07T08:15:02","date_gmt":"2016-02-07T07:15:02","guid":{"rendered":"https:\/\/www.forum-soegel.de\/information\/?p=18077"},"modified":"2016-02-07T08:15:02","modified_gmt":"2016-02-07T07:15:02","slug":"erster-jahrestag-fur-den-%e2%80%9emobilen-einkaufswagen%e2%80%9c-der-malteser","status":"publish","type":"post","link":"https:\/\/www.forum-soegel.de\/information\/2016\/02\/erster-jahrestag-fur-den-%e2%80%9emobilen-einkaufswagen%e2%80%9c-der-malteser\/","title":{"rendered":"Erster Jahrestag f\u00fcr den \u201eMobilen Einkaufswagen\u201c der Malteser"},"content":{"rendered":"<p>S\u00f6gel &#8211; Seit genau einem Jahr startet der \u201eMobile Einkaufswagen\u201c jeden Donnerstag zum Einkaufsvergn\u00fcgen mit den Maltesern. Ehrenamtliche HelferInnen des Malteser H\u00fcmmlings\u00a0 begleiten Senioren in S\u00f6gel und Umgebung kostenlos zum Einkaufen.<\/p>\n<p>\u201eUnser Angebot ist eine Antwort auf die immer \u00e4lter werdende Bev\u00f6lkerung. Der Bedarf wurde uns seit einiger Zeit in unseren bestehenden Diensten, wie dem Hausnotruf und Fahrdienst, signalisiert, aber auch in aktuellen Befragungen von Kirchengemeinden und station\u00e4ren Einrichtungen best\u00e4tigt\u201c, erl\u00e4utert Dienststellenleiterin Rita Hagenhoff.<\/p>\n<p>Endlich wieder in Ruhe durchs Gesch\u00e4ft schlendern, in Regalen st\u00f6bern und auf Wunsch die Einkaufstaschen von netten Helfern tragen lassen. Danach bei Kaffee und Kuchen plaudern \u2013 dieses Erlebnis erm\u00f6glichen die Malteser seit einem Jahr.\u00a0 \u201eEs werden nicht nur die pers\u00f6nliche Unabh\u00e4ngigkeit und ein selbstbestimmtes Einkaufen erm\u00f6glicht, sondern auch soziale Kontakte und Geselligkeit gef\u00f6rdert\u201c, so Hermann Schmitz, Vorstandsmitglied des Malteser H\u00fcmmlings und gleichzeitig Projektleiter des mobilen Einkaufswagens.<\/p>\n<p>Im November 2014 hatten sich alle Vorstandsmitglieder des Malteser H\u00fcmmling daf\u00fcr eingesetzt, den Einkaufs-Fahrdienst einzurichten und ein entsprechendes Budget daf\u00fcr in den Haushalt gestellt.\u00a0 Ziel war es, den Senioren gr\u00f6\u00dfere Selbstst\u00e4ndigkeit zu erm\u00f6glichen und ihnen somit ein St\u00fcck mehr Lebensqualit\u00e4t einzur\u00e4umen. Der n\u00e4chste Schritt war damals der Aufruf in der \u00f6rtlichen Presse. Daraufhin fanden sich sogleich 6 Helfer.\u00a0 Diese beschlossen, diesen Dienst an jedem Donnerstag ab Januar 2015 anzubieten.<\/p>\n<p>Somit werden seit dem 7. Januar 2015 und danach w\u00f6chentlich jeden Donnerstag die Senioren ab 14.00 Uhr vor ihren Haust\u00fcren abgeholt und gegen 16.30 Uhr sicher zur\u00fcckgebracht. \u00a0Die Anzahl der Senioren variiert w\u00f6chentlich.<\/p>\n<p>Inzwischen konnten sieben ehrenamtlichen Helfer, 6 M\u00e4nner und eine Frau, f\u00fcr diesen Dienst gewonnen werden. \u00a0Die B\u00fcrgermeisterin Irmgard Welling bedankte sich bei den HelferInnen der Malteser f\u00fcr das gro\u00dfe ehrenamtliche Engagement.<\/p>\n<p>\u00c4ltere, alleinstehende Personen, denen kein eigener PKW zur Verf\u00fcgung steht, k\u00f6nnen diesen Dienst kostenfrei nutzen. Dazu ist eine Anmeldung am Vortag unter der Dienststellennummer des Malteser H\u00fcmmling <strong>05952-9120<\/strong> erforderlich.<\/p>\n<p>Text\/Foto: Rita Hagenhoff<\/p>\n<p><a href=\"https:\/\/www.forum-soegel.de\/information\/wp-content\/uploads\/2016\/02\/Erster-Jahrestag-f\u00fcr-den-\u201eMobilen-Einkaufswagen\u201c-der-Malteser.jpg\"><img loading=\"lazy\" decoding=\"async\" class=\"alignnone size-medium wp-image-18078\" title=\"Erster Jahrestag f\u00fcr den \u201eMobilen Einkaufswagen\u201c der Malteser\" src=\"https:\/\/www.forum-soegel.de\/information\/wp-content\/uploads\/2016\/02\/Erster-Jahrestag-f\u00fcr-den-\u201eMobilen-Einkaufswagen\u201c-der-Malteser-300x200.jpg\" alt=\"\" width=\"300\" height=\"200\" srcset=\"https:\/\/www.forum-soegel.de\/information\/wp-content\/uploads\/2016\/02\/Erster-Jahrestag-f\u00fcr-den-\u201eMobilen-Einkaufswagen\u201c-der-Malteser-300x200.jpg 300w, https:\/\/www.forum-soegel.de\/information\/wp-content\/uploads\/2016\/02\/Erster-Jahrestag-f\u00fcr-den-\u201eMobilen-Einkaufswagen\u201c-der-Malteser.jpg 1024w\" sizes=\"auto, (max-width: 300px) 100vw, 300px\" \/><\/a><\/p>\n","protected":false},"excerpt":{"rendered":"S\u00f6gel &#8211; Seit genau einem Jahr startet der \u201eMobile Einkaufswagen\u201c jeden Donnerstag zum Einkaufsvergn\u00fcgen mit den Maltesern. Ehrenamtliche HelferInnen des Malteser H\u00fcmmlings\u00a0 begleiten Senioren in S\u00f6gel und Umgebung kostenlos zum Einkaufen. \u201eUnser Angebot ist eine Antwort auf die immer \u00e4lter werdende Bev\u00f6lkerung. Der Bedarf wurde uns seit einiger Zeit in unseren bestehenden Diensten, wie dem [&hellip;]\n","protected":false},"author":2,"featured_media":0,"comment_status":"closed","ping_status":"closed","sticky":false,"template":"","format":"standard","meta":{"ngg_post_thumbnail":0,"footnotes":""},"categories":[3],"tags":[],"class_list":["post-18077","post","type-post","status-publish","format-standard","hentry","category-aktuelles-aus-der-region"],"_links":{"self":[{"href":"https:\/\/www.forum-soegel.de\/information\/wp-json\/wp\/v2\/posts\/18077","targetHints":{"allow":["GET"]}}],"collection":[{"href":"https:\/\/www.forum-soegel.de\/information\/wp-json\/wp\/v2\/posts"}],"about":[{"href":"https:\/\/www.forum-soegel.de\/information\/wp-json\/wp\/v2\/types\/post"}],"author":[{"embeddable":true,"href":"https:\/\/www.forum-soegel.de\/information\/wp-json\/wp\/v2\/users\/2"}],"replies":[{"embeddable":true,"href":"https:\/\/www.forum-soegel.de\/information\/wp-json\/wp\/v2\/comments?post=18077"}],"version-history":[{"count":1,"href":"https:\/\/www.forum-soegel.de\/information\/wp-json\/wp\/v2\/posts\/18077\/revisions"}],"predecessor-version":[{"id":18079,"href":"https:\/\/www.forum-soegel.de\/information\/wp-json\/wp\/v2\/posts\/18077\/revisions\/18079"}],"wp:attachment":[{"href":"https:\/\/www.forum-soegel.de\/information\/wp-json\/wp\/v2\/media?parent=18077"}],"wp:term":[{"taxonomy":"category","embeddable":true,"href":"https:\/\/www.forum-soegel.de\/information\/wp-json\/wp\/v2\/categories?post=18077"},{"taxonomy":"post_tag","embeddable":true,"href":"https:\/\/www.forum-soegel.de\/information\/wp-json\/wp\/v2\/tags?post=18077"}],"curies":[{"name":"wp","href":"https:\/\/api.w.org\/{rel}","templated":true}]}}