{"id":18074,"date":"2016-02-07T08:13:47","date_gmt":"2016-02-07T07:13:47","guid":{"rendered":"https:\/\/www.forum-soegel.de\/information\/?p=18074"},"modified":"2016-02-07T08:13:47","modified_gmt":"2016-02-07T07:13:47","slug":"cdu-informationsveranstaltung-mit-dem-dezernenten-burgdorf-im-rathaus-sogel-zur-situation-der-fluchtlinge-im-emsland","status":"publish","type":"post","link":"https:\/\/www.forum-soegel.de\/information\/2016\/02\/cdu-informationsveranstaltung-mit-dem-dezernenten-burgdorf-im-rathaus-sogel-zur-situation-der-fluchtlinge-im-emsland\/","title":{"rendered":"CDU-Informationsveranstaltung mit dem Dezernenten Burgdorf im Rathaus S\u00f6gel zur Situation der Fl\u00fcchtlinge im Emsland"},"content":{"rendered":"<p>S\u00f6gel &#8211; Anfang Dezember lud der CDU-Ortsverband S\u00f6gel zu einer Informationsveranstaltung im S\u00f6geler Rathaus ein. Experten der Diskussionsveranstaltung waren Marc-Andr\u00e9 Burgdorf vom Landkreis Emsland sowie der Samtgemeindeb\u00fcrgermeister G\u00fcnter Wigbers. In der zahlreich besuchten Veranstaltung f\u00fchrte Heike Charlotte Pracht als Ortsverbandsvorsitzende durch den Abend. Als gr\u00f6\u00dfte Verunsicherung wurde seitens Burgdorf die bisher noch nicht registrierte Zahl vieler Fl\u00fcchtlinge in der Bev\u00f6lkerung wahrgenommen. Dabei sei mit Blick auf die Emslandgeschichte positiv zu erw\u00e4hnen, dass die ca. 37000 Vertriebenen nach dem Zweiten Weltkrieg und auch die 22500 Sp\u00e4taussiedler den wirtschlaftlichen Aufschwung des Emslandes erst in diesem Umfang erm\u00f6glicht h\u00e4tten. Aktuell f\u00fchrten technische und personelle Engp\u00e4sse auf Bundes- und Landesebene leider zu den fehlenden Registrierungen, die nicht auf fehlendes Engagement des Landkreises Emsland zur\u00fcckgef\u00fchrt werden k\u00f6nnten. Ganz im Gegenteil w\u00fcrden w\u00f6chentliche Busfahrten zur Erstaufnahmestelle Bramsche organisiert werden, um im Kreisgebiet die Registrierung zu erm\u00f6glichen. Burgdorfs Dank richtete sich an Wigbers, der mit seiner\u00a0 sofortigen Unterst\u00fctzung und Bereitstellung der Turnhalle S\u00f6gel als Notunterkunft unverz\u00fcglich Hilfe anbot. Ob die Notunterkunft S\u00f6gel mit der Er\u00f6ffnung des Erstaufnahmelagers in den ehemaligen Aschendorfer ADO-Hallen schon im Januar aufgel\u00f6st werde, konnte noch nicht mit Sicherheit beantwortet werden. Wigbers wies darauf hin, dass die Situation ohnehin nicht g\u00e4nzlich gekl\u00e4rt sei, zumal die Zuweisungsquoten f\u00fcr Menschen ohne gekl\u00e4rten Asylstatus aus Erstaufnahmeeinrichtungen nahezu w\u00f6chentlich ge\u00e4ndert w\u00fcrden. Dennoch gebe es in S\u00f6gel eine Sondersituation durch die k\u00fcrzlich gegr\u00fcndete Wohnungsbaugesellschaft f\u00fcr Fl\u00fcchtlingsunterk\u00fcnfte, der aufgrund zahlreicher Beteiligter ein kfw-Darlehen von 2,4 Millionen Euro zur Verf\u00fcgung st\u00fcnde. Allein die Hilfsbereitschaft der S\u00f6geler, die Unterst\u00fctzung von Haupt- und Ehrenamtlichen sei Grund f\u00fcr das Meistern der Fl\u00fcchtlingssituation vor Ort. Sorgenvoll blickte Wigbers auf die Festigung der sozialen Kontakte zwischen Fl\u00fcchtlingen und Einwohnern, die vielleicht wieder per Gesetz getrennt werden, sollte sich herausstellen, dass kein Recht auf Asyl bestehe. In der anschlie\u00dfenden Diskussionsrunde beantworteten Burgdorf und Wigbers die Fragen Interessierter und nahmen positive Eindr\u00fccke mit. Insgesamt zeigte sich, dass die S\u00f6geler Bev\u00f6lkerung interessiert, kritisch und in h\u00f6chstem Ma\u00dfe engagiert mit dem Thema Fl\u00fcchtlingshilfe umgeht.<\/p>\n<p>Text: CDU-Ortsverband S\u00f6gel<\/p>\n<p><a href=\"https:\/\/www.forum-soegel.de\/information\/wp-content\/uploads\/2016\/02\/CDU-Informationsveranstaltung-mit-dem-Dezernenten-Burgdorf-im-Rathaus-S\u00f6gel-zur-Situation-der-Fl\u00fcchtlinge-im-Emsland.jpg\"><img loading=\"lazy\" decoding=\"async\" class=\"alignnone size-medium wp-image-18075\" title=\"CDU-Informationsveranstaltung mit dem Dezernenten Burgdorf im Rathaus S\u00f6gel zur Situation der Fl\u00fcchtlinge im Emsland\" src=\"https:\/\/www.forum-soegel.de\/information\/wp-content\/uploads\/2016\/02\/CDU-Informationsveranstaltung-mit-dem-Dezernenten-Burgdorf-im-Rathaus-S\u00f6gel-zur-Situation-der-Fl\u00fcchtlinge-im-Emsland-300x120.jpg\" alt=\"\" width=\"300\" height=\"120\" srcset=\"https:\/\/www.forum-soegel.de\/information\/wp-content\/uploads\/2016\/02\/CDU-Informationsveranstaltung-mit-dem-Dezernenten-Burgdorf-im-Rathaus-S\u00f6gel-zur-Situation-der-Fl\u00fcchtlinge-im-Emsland-300x120.jpg 300w, https:\/\/www.forum-soegel.de\/information\/wp-content\/uploads\/2016\/02\/CDU-Informationsveranstaltung-mit-dem-Dezernenten-Burgdorf-im-Rathaus-S\u00f6gel-zur-Situation-der-Fl\u00fcchtlinge-im-Emsland.jpg 1024w\" sizes=\"auto, (max-width: 300px) 100vw, 300px\" \/><\/a><\/p>\n","protected":false},"excerpt":{"rendered":"S\u00f6gel &#8211; Anfang Dezember lud der CDU-Ortsverband S\u00f6gel zu einer Informationsveranstaltung im S\u00f6geler Rathaus ein. Experten der Diskussionsveranstaltung waren Marc-Andr\u00e9 Burgdorf vom Landkreis Emsland sowie der Samtgemeindeb\u00fcrgermeister G\u00fcnter Wigbers. In der zahlreich besuchten Veranstaltung f\u00fchrte Heike Charlotte Pracht als Ortsverbandsvorsitzende durch den Abend. Als gr\u00f6\u00dfte Verunsicherung wurde seitens Burgdorf die bisher noch nicht registrierte Zahl [&hellip;]\n","protected":false},"author":2,"featured_media":0,"comment_status":"closed","ping_status":"closed","sticky":false,"template":"","format":"standard","meta":{"ngg_post_thumbnail":0,"footnotes":""},"categories":[3],"tags":[],"class_list":["post-18074","post","type-post","status-publish","format-standard","hentry","category-aktuelles-aus-der-region"],"_links":{"self":[{"href":"https:\/\/www.forum-soegel.de\/information\/wp-json\/wp\/v2\/posts\/18074","targetHints":{"allow":["GET"]}}],"collection":[{"href":"https:\/\/www.forum-soegel.de\/information\/wp-json\/wp\/v2\/posts"}],"about":[{"href":"https:\/\/www.forum-soegel.de\/information\/wp-json\/wp\/v2\/types\/post"}],"author":[{"embeddable":true,"href":"https:\/\/www.forum-soegel.de\/information\/wp-json\/wp\/v2\/users\/2"}],"replies":[{"embeddable":true,"href":"https:\/\/www.forum-soegel.de\/information\/wp-json\/wp\/v2\/comments?post=18074"}],"version-history":[{"count":1,"href":"https:\/\/www.forum-soegel.de\/information\/wp-json\/wp\/v2\/posts\/18074\/revisions"}],"predecessor-version":[{"id":18076,"href":"https:\/\/www.forum-soegel.de\/information\/wp-json\/wp\/v2\/posts\/18074\/revisions\/18076"}],"wp:attachment":[{"href":"https:\/\/www.forum-soegel.de\/information\/wp-json\/wp\/v2\/media?parent=18074"}],"wp:term":[{"taxonomy":"category","embeddable":true,"href":"https:\/\/www.forum-soegel.de\/information\/wp-json\/wp\/v2\/categories?post=18074"},{"taxonomy":"post_tag","embeddable":true,"href":"https:\/\/www.forum-soegel.de\/information\/wp-json\/wp\/v2\/tags?post=18074"}],"curies":[{"name":"wp","href":"https:\/\/api.w.org\/{rel}","templated":true}]}}