{"id":18070,"date":"2016-02-07T08:12:16","date_gmt":"2016-02-07T07:12:16","guid":{"rendered":"https:\/\/www.forum-soegel.de\/information\/?p=18070"},"modified":"2016-02-07T08:12:16","modified_gmt":"2016-02-07T07:12:16","slug":"30-jahriger-aus-aleppo-hilft-in-sogel-bei-der-fluchtlingsbetreuung","status":"publish","type":"post","link":"https:\/\/www.forum-soegel.de\/information\/2016\/02\/30-jahriger-aus-aleppo-hilft-in-sogel-bei-der-fluchtlingsbetreuung\/","title":{"rendered":"30-J\u00e4hriger aus Aleppo hilft in S\u00f6gel bei der Fl\u00fcchtlingsbetreuung"},"content":{"rendered":"<p style=\"text-align: left;\" align=\"center\"><strong>Bundesfreiwilligendienst: Ammar Dawood und S\u00f6gel nutzen neues Bundesprogramm<\/strong><\/p>\n<p>S\u00f6gel &#8211; Als eine der ersten Institutionen in Deutschland stellt die Samtgemeinde S\u00f6gel einen Fl\u00fcchtling als Bundesfreiwilligendienstleister ein. Ende November hat das Bundesministerium f\u00fcr Familie, Frauen, Senioren und Jugend durch eine Erg\u00e4nzung des BFD-Gesetzes \u00a0in den kommenden drei Jahren jeweils bis zu 10.000 zus\u00e4tzliche Stellen in der Fl\u00fcchtlingshilfe zur Verf\u00fcgung gestellt. Jetzt hat sich die Samtgemeinde S\u00f6gel erfolgreich um eine dieser Stellen bewerben k\u00f6nnen.<\/p>\n<p>Viele gemeinn\u00fctzige Institutionen und Organisationen sind bei der Bew\u00e4ltigung der Herausforderungen, die durch die aktuellen Fl\u00fcchtlingszahlen entstehen, auf freiwillige und ehrenamtliche Unterst\u00fctzung angewiesen. Der Bundesfreiwilligendienst bietet Menschen, die helfen wollen, jetzt auch die M\u00f6glichkeit, sich in der Betreuung und Begleitung von Fl\u00fcchtlingen einzusetzen.<\/p>\n<p>Das Besondere daran: Auch Fl\u00fcchtlinge und Asylbegehrende, bei denen ein rechtm\u00e4\u00dfiger und dauerhafter Aufenthalt zu erwarten ist, k\u00f6nnen in anerkannten Einsatzstellen einen Bundesfreiwilligendienst machen. Diese Chance hat die Samtgemeinde S\u00f6gel genutzt. Mit Ammar Dawood konnte ein Freiwilligendienstleister gewonnen werden, der diesen Kriterien entspricht und bereits erste Erfahrungen in der Fl\u00fcchtlingshilfe gewonnen hat. Dawood wohnt seit einem Jahr mit seiner Ehefrau und den einj\u00e4hrigen Zwillingen in S\u00f6gel. Er stammt aus Aleppo.<\/p>\n<p>Inzwischen hat er einen halbj\u00e4hrigen Deutschkurs in Meppen absolviert und erfolgreich bestanden. Dawood spricht die arabische, englische und nun auch die deutsche Sprache. In seiner Heimat in Aleppo\/Syrien hat er sein Abitur gemacht und ein 2-j\u00e4hriges Verwaltungsstudium angeschlossen.<\/p>\n<p>\u201eWir freuen uns, mit Herrn Dawood einen sehr kommunikativen und aufgeschlossenen Mitarbeiter gewinnen zu k\u00f6nnen, der als Schnittstelle in der Fl\u00fcchtlingshilfe hervorragend geeignet ist\u201c, ist sich Samtgemeindeb\u00fcrgermeister G\u00fcnter Wigbers sicher, einen weiteren Baustein in der F\u00fcrsorge der Schutzsuchenden in S\u00f6gel gesetzt zu haben.<\/p>\n<p>Ammar Dawood k\u00fcmmert sich nun gemeinsam mit dem hauptamtlichen Fl\u00fcchtlingsbetreuer der Samtgemeinde, Johannes Brachem, um die pers\u00f6nlichen Belange der in S\u00f6gel Zuflucht suchenden besonders in der Anfangsphase. Dazu z\u00e4hlen insbesondere die Begleitung bei Beh\u00f6rdeng\u00e4ngen und Dolmetscherdienste, aber auch Sportangebote in Fl\u00fcchtlingsunterk\u00fcnften. Auch organisatorische und koordinierende T\u00e4tigkeiten im Zusammenhang mit der Unterbringung und Betreuung von Fl\u00fcchtlingen geh\u00f6ren k\u00fcnftig zu Dawoods Aufgabengebiet. Dawood hatte bereits in den vergangenen Wochen seine Hilfe ehrenamtlich angeboten und so Kontakt zum \u201eWillkommensb\u00fcro\u201c bekommen.<\/p>\n<p>Text\/Foto: Samtgemeinde S\u00f6gel<\/p>\n<div id=\"attachment_18071\" style=\"width: 310px\" class=\"wp-caption alignnone\"><a href=\"https:\/\/www.forum-soegel.de\/information\/wp-content\/uploads\/2016\/02\/30-J\u00e4hriger-aus-Aleppo-hilft-in-S\u00f6gel-bei-der-Fl\u00fcchtlingsbetreuung.jpg\"><img loading=\"lazy\" decoding=\"async\" aria-describedby=\"caption-attachment-18071\" class=\"size-medium wp-image-18071\" title=\"30-J\u00e4hriger aus Aleppo hilft in S\u00f6gel bei der Fl\u00fcchtlingsbetreuung\" src=\"https:\/\/www.forum-soegel.de\/information\/wp-content\/uploads\/2016\/02\/30-J\u00e4hriger-aus-Aleppo-hilft-in-S\u00f6gel-bei-der-Fl\u00fcchtlingsbetreuung-300x225.jpg\" alt=\"\" width=\"300\" height=\"225\" srcset=\"https:\/\/www.forum-soegel.de\/information\/wp-content\/uploads\/2016\/02\/30-J\u00e4hriger-aus-Aleppo-hilft-in-S\u00f6gel-bei-der-Fl\u00fcchtlingsbetreuung-300x225.jpg 300w, https:\/\/www.forum-soegel.de\/information\/wp-content\/uploads\/2016\/02\/30-J\u00e4hriger-aus-Aleppo-hilft-in-S\u00f6gel-bei-der-Fl\u00fcchtlingsbetreuung.jpg 1024w\" sizes=\"auto, (max-width: 300px) 100vw, 300px\" \/><\/a><p id=\"caption-attachment-18071\" class=\"wp-caption-text\">Ammar Dawood als Aleppo\/Syrien (Mitte) ist ab Januar neuer Bundesfreiwilligendienstleister bei der Samtgemeinde S\u00f6gel. Er wurde von Samtgemeindeb\u00fcrgermeister G\u00fcnter Wigbers (rechts) und Fl\u00fcchtlingsbetreuer Johannes Brachem begr\u00fc\u00dft.<\/p><\/div>\n","protected":false},"excerpt":{"rendered":"Bundesfreiwilligendienst: Ammar Dawood und S\u00f6gel nutzen neues Bundesprogramm S\u00f6gel &#8211; Als eine der ersten Institutionen in Deutschland stellt die Samtgemeinde S\u00f6gel einen Fl\u00fcchtling als Bundesfreiwilligendienstleister ein. Ende November hat das Bundesministerium f\u00fcr Familie, Frauen, Senioren und Jugend durch eine Erg\u00e4nzung des BFD-Gesetzes \u00a0in den kommenden drei Jahren jeweils bis zu 10.000 zus\u00e4tzliche Stellen in der [&hellip;]\n","protected":false},"author":2,"featured_media":0,"comment_status":"closed","ping_status":"closed","sticky":false,"template":"","format":"standard","meta":{"ngg_post_thumbnail":0,"footnotes":""},"categories":[3],"tags":[],"class_list":["post-18070","post","type-post","status-publish","format-standard","hentry","category-aktuelles-aus-der-region"],"_links":{"self":[{"href":"https:\/\/www.forum-soegel.de\/information\/wp-json\/wp\/v2\/posts\/18070","targetHints":{"allow":["GET"]}}],"collection":[{"href":"https:\/\/www.forum-soegel.de\/information\/wp-json\/wp\/v2\/posts"}],"about":[{"href":"https:\/\/www.forum-soegel.de\/information\/wp-json\/wp\/v2\/types\/post"}],"author":[{"embeddable":true,"href":"https:\/\/www.forum-soegel.de\/information\/wp-json\/wp\/v2\/users\/2"}],"replies":[{"embeddable":true,"href":"https:\/\/www.forum-soegel.de\/information\/wp-json\/wp\/v2\/comments?post=18070"}],"version-history":[{"count":2,"href":"https:\/\/www.forum-soegel.de\/information\/wp-json\/wp\/v2\/posts\/18070\/revisions"}],"predecessor-version":[{"id":18073,"href":"https:\/\/www.forum-soegel.de\/information\/wp-json\/wp\/v2\/posts\/18070\/revisions\/18073"}],"wp:attachment":[{"href":"https:\/\/www.forum-soegel.de\/information\/wp-json\/wp\/v2\/media?parent=18070"}],"wp:term":[{"taxonomy":"category","embeddable":true,"href":"https:\/\/www.forum-soegel.de\/information\/wp-json\/wp\/v2\/categories?post=18070"},{"taxonomy":"post_tag","embeddable":true,"href":"https:\/\/www.forum-soegel.de\/information\/wp-json\/wp\/v2\/tags?post=18070"}],"curies":[{"name":"wp","href":"https:\/\/api.w.org\/{rel}","templated":true}]}}