{"id":18067,"date":"2016-02-07T08:09:06","date_gmt":"2016-02-07T07:09:06","guid":{"rendered":"https:\/\/www.forum-soegel.de\/information\/?p=18067"},"modified":"2016-02-07T08:09:06","modified_gmt":"2016-02-07T07:09:06","slug":"wohnheim-in-sogel-geplant","status":"publish","type":"post","link":"https:\/\/www.forum-soegel.de\/information\/2016\/02\/wohnheim-in-sogel-geplant\/","title":{"rendered":"Wohnheim in S\u00f6gel geplant"},"content":{"rendered":"<p style=\"text-align: left;\" align=\"center\"><strong>Lukasheim investiert 2,15 Millionen<\/strong><\/p>\n<p style=\"text-align: left;\"><a href=\"https:\/\/www.forum-soegel.de\/information\/wp-content\/uploads\/2016\/02\/Wohnheim-in-S\u00f6gel-geplant.jpg\"><img loading=\"lazy\" decoding=\"async\" class=\"alignleft size-medium wp-image-18068\" title=\"Wohnheim in S\u00f6gel geplant\" src=\"https:\/\/www.forum-soegel.de\/information\/wp-content\/uploads\/2016\/02\/Wohnheim-in-S\u00f6gel-geplant-300x225.jpg\" alt=\"\" width=\"300\" height=\"225\" srcset=\"https:\/\/www.forum-soegel.de\/information\/wp-content\/uploads\/2016\/02\/Wohnheim-in-S\u00f6gel-geplant-300x225.jpg 300w, https:\/\/www.forum-soegel.de\/information\/wp-content\/uploads\/2016\/02\/Wohnheim-in-S\u00f6gel-geplant.jpg 1024w\" sizes=\"auto, (max-width: 300px) 100vw, 300px\" \/><\/a>S\u00f6gel &#8211; Das St. Lukas-Heim mit Sitz in Papenburg will in S\u00f6gel an der Sprakeler Stra\u00dfe ein modernes Wohnheim f\u00fcr Menschen mit Behinderungen bauen. Investiert werden nach Aussagen des Gesch\u00e4ftsf\u00fchrers Heinz-Bernhard M\u00e4sker 2,15 Millionen Euro.<\/p>\n<p>Die Planungen sind vorangeschritten, der Bauantrag wurde jetzt gestellt: Am Mittwoch traf sich M\u00e4sker mit den Architekten Christiane Schomaker und Berthold Henschel sowie Irmgard Welling und G\u00fcnter Wigbers von der Gemeinde S\u00f6gel an der Sprakeler Stra\u00dfe, wo das Bauvorhaben im kommenden Jahr in Angriff genommen werden soll.<\/p>\n<p>\u201eWir haben ein Grundst\u00fcck von einer S\u00f6geler Familie kaufen k\u00f6nnen\u201c, sagte M\u00e4sker, der sich \u00fcber die zentrale Lage freute. So k\u00f6nne das Wohnheim in einer Siedlung errichtet werden. Gut sei auch die Resonanz der Nachbarn gewesen, sagte Gemeindedirektor G\u00fcnter Wigbers. B\u00fcrgermeisterin Irmgard Welling sprach bei dem Bauprojekt von \u201egelebter Integration\u201c im Ort.<\/p>\n<p>Denn gebaut werden soll ein Wohnheim im Rahmen des Projektes \u201eLeben wie jeder andere auch\u201c, in dem die Menschen mehr Platz zur Verf\u00fcgung h\u00e4tten. Ein eigenes Zimmer pro Person sei in Wohnheimen nicht die Regel, erkl\u00e4rte M\u00e4sker. Seit Jahren sei man dabei, das gro\u00dfe Wohnheim in Papenburg, in dem vor einiger Zeit noch 120 Menschen lebten, umzustrukturieren. \u201eWir wollen die Heimeinrichtungen dezentralisieren\u201c, so M\u00e4sker.<\/p>\n<p>\u201eWir bauen kleine Wohnheime mit zw\u00f6lf Pl\u00e4tzen\u201c, f\u00fchrt der Gesch\u00e4ftsf\u00fchrer weiter aus. So konnten bislang schon 48 Pl\u00e4tze ausgegliedert werden. In S\u00f6gel soll jedoch Platz f\u00fcr 24 Menschen entstehen. Der Landkreis sei auf das Lukas-Heim zugekommen und habe darum gebeten, die Kapazit\u00e4ten zu erweitern. \u201eEs besteht ein hoher Bedarf an Wohnheimen\u201c, erkl\u00e4rt M\u00e4sker.<\/p>\n<p>Die Menschen lebten dann in einem Haus, das sich auf drei Wohnbereiche f\u00fcr je acht Personen aufteilt. Auch bestehe auf dem 4100 Quadratmeter gro\u00dfen Grundst\u00fcck sogar noch Platz f\u00fcr eine m\u00f6gliche Erweiterung. Die derzeitige Planung sehe Gesamtkosten von 2,15 Millionen Euro vor, sagte Planerin Schomaker. Die reinen Baukosten beliefen sich dabei auf etwa 1,6 Millionen. Wie Henschel sagte, rechne man mit einer Bauzeit von einem Jahr. Im M\u00e4rz des kommenden Jahres k\u00f6nne \u2013 soweit die Genehmigungen vorl\u00e4gen \u2013 mit dem Bau begonnen werden.<\/p>\n<p>Eine F\u00f6rderung von der Aktion Mensch in H\u00f6he von 250000 Euro habe man bereits zugesagt bekommen, f\u00fcgte M\u00e4sker an.<\/p>\n<p>Weiter sollen nach Aussagen des Gesch\u00e4ftsf\u00fchrers in dem neuen Heim zwei Kurzzeit-Pflegepl\u00e4tze eingerichtet werden. Diese k\u00f6nnten Eltern in Anspruch nehmen, die ihr behindertes Kind f\u00fcr ein paar Tage oder wenige Wochen zur Pflege abgeben m\u00f6chten. \u201eDamit sie auch mal abschalten und entspannen k\u00f6nnen\u201c, so M\u00e4sker. Diese Kurzzeitpl\u00e4tze \u2013 derzeit habe das Lukasheim sechs zur Verf\u00fcgung \u2013 erfreuten sich einer regen Nachfrage. \u201eDann k\u00f6nnen die Eltern sicher sein, dass alles klappt und die Kinder in professionellen H\u00e4nden sind.\u201c<\/p>\n<p>\u201eWir freuen uns, dass wir in dieser Angelegenheit in S\u00f6gel so gut auf- und angenommen werden\u201c, sagte M\u00e4sker weiter.<\/p>\n<p>Text: Mirko Moormann, EZ \/ Foto: Samtgemeinde S\u00f6gel<\/p>\n","protected":false},"excerpt":{"rendered":"Lukasheim investiert 2,15 Millionen S\u00f6gel &#8211; Das St. Lukas-Heim mit Sitz in Papenburg will in S\u00f6gel an der Sprakeler Stra\u00dfe ein modernes Wohnheim f\u00fcr Menschen mit Behinderungen bauen. Investiert werden nach Aussagen des Gesch\u00e4ftsf\u00fchrers Heinz-Bernhard M\u00e4sker 2,15 Millionen Euro. Die Planungen sind vorangeschritten, der Bauantrag wurde jetzt gestellt: Am Mittwoch traf sich M\u00e4sker mit den [&hellip;]\n","protected":false},"author":2,"featured_media":0,"comment_status":"closed","ping_status":"closed","sticky":false,"template":"","format":"standard","meta":{"ngg_post_thumbnail":0,"footnotes":""},"categories":[3],"tags":[],"class_list":["post-18067","post","type-post","status-publish","format-standard","hentry","category-aktuelles-aus-der-region"],"_links":{"self":[{"href":"https:\/\/www.forum-soegel.de\/information\/wp-json\/wp\/v2\/posts\/18067","targetHints":{"allow":["GET"]}}],"collection":[{"href":"https:\/\/www.forum-soegel.de\/information\/wp-json\/wp\/v2\/posts"}],"about":[{"href":"https:\/\/www.forum-soegel.de\/information\/wp-json\/wp\/v2\/types\/post"}],"author":[{"embeddable":true,"href":"https:\/\/www.forum-soegel.de\/information\/wp-json\/wp\/v2\/users\/2"}],"replies":[{"embeddable":true,"href":"https:\/\/www.forum-soegel.de\/information\/wp-json\/wp\/v2\/comments?post=18067"}],"version-history":[{"count":1,"href":"https:\/\/www.forum-soegel.de\/information\/wp-json\/wp\/v2\/posts\/18067\/revisions"}],"predecessor-version":[{"id":18069,"href":"https:\/\/www.forum-soegel.de\/information\/wp-json\/wp\/v2\/posts\/18067\/revisions\/18069"}],"wp:attachment":[{"href":"https:\/\/www.forum-soegel.de\/information\/wp-json\/wp\/v2\/media?parent=18067"}],"wp:term":[{"taxonomy":"category","embeddable":true,"href":"https:\/\/www.forum-soegel.de\/information\/wp-json\/wp\/v2\/categories?post=18067"},{"taxonomy":"post_tag","embeddable":true,"href":"https:\/\/www.forum-soegel.de\/information\/wp-json\/wp\/v2\/tags?post=18067"}],"curies":[{"name":"wp","href":"https:\/\/api.w.org\/{rel}","templated":true}]}}