{"id":18063,"date":"2016-02-07T08:07:18","date_gmt":"2016-02-07T07:07:18","guid":{"rendered":"https:\/\/www.forum-soegel.de\/information\/?p=18063"},"modified":"2016-02-07T08:07:18","modified_gmt":"2016-02-07T07:07:18","slug":"landtagsprasident-bernd-busemann-zeichnet-anteile-und-ist-jetzt-auch-%e2%80%9egenosse%e2%80%9c","status":"publish","type":"post","link":"https:\/\/www.forum-soegel.de\/information\/2016\/02\/landtagsprasident-bernd-busemann-zeichnet-anteile-und-ist-jetzt-auch-%e2%80%9egenosse%e2%80%9c\/","title":{"rendered":"Landtagspr\u00e4sident Bernd Busemann zeichnet Anteile und ist jetzt auch \u201eGenosse\u201c"},"content":{"rendered":"<p>S\u00f6gel &#8211; In S\u00f6gel hat sich im Hebst vergangenen Jahres die \u201eWillkommen in S\u00f6gel eG \u2013 B\u00fcrgergenossenschaft f\u00fcr Menschen in Not\u201c gegr\u00fcndet. Kurz vor Weihnachten fiel der Startschuss des ersten Hausbaus mit dem Abriss eines alten Hauses am Standort \u201eSigiltrastra\u00dfe\u201c. Nun hat auch Landtagspr\u00e4sident Bernd Busemann Genossenschaftsanteile gezeichnet.<\/p>\n<p>Busemann lie\u00df sich beim Erwerb der Genossenschaftsanteile von den beiden Vorsitzenden der neuen B\u00fcrgergenossenschaft, Irmgard Welling und Franz Klawitter, \u00fcber die T\u00e4tigkeiten der Baugenossenschaft berichten. Erster Vorsitzender Klawitter berichtete nicht ohne Stolz: \u201eVon der Idee bis zur Umsetzung der Baugenossenschaft ist nur knapp ein halbes Jahr vergangen. Mein Dank gilt allen B\u00fcrgerinnen und B\u00fcrgern, die durch ihre Beteiligung an der Genossenschaft dieses \u00fcberhaupt m\u00f6glich gemacht haben.\u201c Von Anfang an sei die Genossenschaft positiv begleitet worden. Es habe durchweg Zuspruch aus der Bev\u00f6lkerung gegeben. Drei Grundst\u00fccke habe die Gemeinde zur Verf\u00fcgung gestellt, die beauftragten S\u00f6geler Architekten h\u00e4tten allesamt innerhalb k\u00fcrzester Zeit dazu baureife Pl\u00e4ne vorlegen k\u00f6nnen. \u201eWir haben alle Hand in Hand gearbeitet. Ein besonderes Lob verbunden mit einem herzlichen Dank richte ich an die Gemeinde S\u00f6gel, ohne deren Hilfe es gar nicht zu schaffen gewesen w\u00e4re.\u201c Hier erw\u00e4hnte Klawitter insbesondere Gemeindedirektor G\u00fcnter Wigbers und Cornelia Willigmann-Kassner vom Fachdienst Recht.<\/p>\n<p>Auch Busemann sparte nicht mit Worten des Lobes: \u201eDer Genossenschaftsgedanke tr\u00e4gt hier ein au\u00dferordentlich sinnhaftes Projekt voran und dient als Modell auch f\u00fcr andere Kommunen.\u201c Bereits in den ersten Monaten habe die B\u00fcrgergenossenschaft in S\u00f6gel enorm Fahrt aufgenommen. \u201eDieses Engagement will ich gerne auch mit meinem eigenen Beitritt in die Genossenschaft unterst\u00fctzen.\u201c<\/p>\n<p>\u201eDamit setzen Sie ein deutliches Zeichen\u201c, bedankte Welling sich bei Busemann. \u201eWir sind stolz darauf, einen Landtagspr\u00e4sidenten in den eigenen Reihen der Genossenschaft zu haben!\u201c Dieses zeige, dass das Projekt auch in der Politik Anerkennung erfahre.<\/p>\n<p>Die B\u00fcrgergenossenschaft zeichne sich schon jetzt als Erfolgsgeschichte ab, berichtete Wigbers. Nicht nur, dass Personen aus ganz Deutschland Anteile zeichnen, sondern es g\u00e4be auch mehrere Anfragen von anderen Kommunen und St\u00e4dten, die dieses Modell \u00fcbernehmen wollen. \u201eWir sind zuversichtlich, dass wir unseren Genossen eine seri\u00f6se Geldanlage bieten, die zugleich einen sozialen Zweck erf\u00fcllt.\u201c Gerade in den letzten Tagen sei die 1,0 Million Euro-Marke geknackt worden, f\u00fcgte Willigmann-Kassner mit Freude hinzu. Mit dem erworbenen Grundeigentum und der Darlehnszusage der Kreditanstalt f\u00fcr Wiederaufbau st\u00fcnden der Genossenschaft jetzt f\u00fcr mindestens drei Mehrfamilienh\u00e4user mit rund 20 Wohnungen insgesamt 2,5 Millionen Euro zur Verf\u00fcgung.<\/p>\n<p>\u201eNicht nur, aber auch aufgrund des gro\u00dfen Fl\u00fcchtlingszuzuges entsteht ein besonders gro\u00dfer Wohnungsbedarf, der zurzeit hier im Emsland, aber auch andernorts nicht gedeckt werden kann\u201c, f\u00fchrte Busemann im weiteren Verlauf des Gespr\u00e4ches aus. Jetzt seien Initiative und Kreativit\u00e4t gefragt, so wie S\u00f6gel es beispielhaft vormache. Aber auch andere Modelle sollen seiner Meinung nach zur Durchf\u00fchrung kommen. \u201eDie nieders\u00e4chsische Wohnungsbauf\u00f6rderung muss dringend attraktiver werden, daran arbeite ich konkret. Vom Bund wird es zus\u00e4tzlich neue steuerliche Anreize geben.\u201c<\/p>\n<p>Busemann mahnte zugleich die Baubranche, nicht mit \u00fcberzogenen Baupreisen zu reagieren. Insbesondere die Bauindustrie muss sich nach den enormen Preissteigerungen jetzt in Zur\u00fcckhaltung \u00fcben und \u201eMa\u00df halten\u201c. Ebenfalls appellierte er an alle Kommunen, nach wie vor Bauland zu orts\u00fcblichen Preisen anzubieten und weitere Baugebiete zu erschlie\u00dfen. Auch das Land Niedersachsen selbst sieht er in der Pflicht. \u201eEine Anhebung der Grunderwerbssteuer w\u00e4re zu diesem Zeitpunkt ein v\u00f6llig falsches Signal!\u201c<\/p>\n<p>Text: Ingrid Cloppenburg \/ Foto: Samtgemeinde S\u00f6gel<\/p>\n<div id=\"attachment_18064\" style=\"width: 310px\" class=\"wp-caption alignnone\"><a href=\"https:\/\/www.forum-soegel.de\/information\/wp-content\/uploads\/2016\/02\/Landtagspr\u00e4sident-Bernd-Busemann-zeichnet-Anteile-und-ist-jetzt-auch-\u201eGenosse\u201c.jpg\"><img loading=\"lazy\" decoding=\"async\" aria-describedby=\"caption-attachment-18064\" class=\"size-medium wp-image-18064\" title=\"Landtagspr\u00e4sident Bernd Busemann zeichnet Anteile und ist jetzt auch \u201eGenosse\u201c\" src=\"https:\/\/www.forum-soegel.de\/information\/wp-content\/uploads\/2016\/02\/Landtagspr\u00e4sident-Bernd-Busemann-zeichnet-Anteile-und-ist-jetzt-auch-\u201eGenosse\u201c-300x222.jpg\" alt=\"\" width=\"300\" height=\"222\" srcset=\"https:\/\/www.forum-soegel.de\/information\/wp-content\/uploads\/2016\/02\/Landtagspr\u00e4sident-Bernd-Busemann-zeichnet-Anteile-und-ist-jetzt-auch-\u201eGenosse\u201c-300x222.jpg 300w, https:\/\/www.forum-soegel.de\/information\/wp-content\/uploads\/2016\/02\/Landtagspr\u00e4sident-Bernd-Busemann-zeichnet-Anteile-und-ist-jetzt-auch-\u201eGenosse\u201c.jpg 1024w\" sizes=\"auto, (max-width: 300px) 100vw, 300px\" \/><\/a><p id=\"caption-attachment-18064\" class=\"wp-caption-text\">Landtagspr\u00e4sident Bernd Busemann (Mitte) zeichnete im Beisein der Vorsitzenden der B\u00fcrgergenossenschaft \u201eWillkommen in S\u00f6gel eG\u201c Irmgard Welling und Franz Klawitter (links) Anteile der Genossenschaft. Gemeindedirektor G\u00fcnter Wigbers und Cornelia Willigmann-Kassner (rechts) informierten \u00fcber den Sachstand der Bauvorhaben der Genossenschaft.<\/p><\/div>\n","protected":false},"excerpt":{"rendered":"S\u00f6gel &#8211; In S\u00f6gel hat sich im Hebst vergangenen Jahres die \u201eWillkommen in S\u00f6gel eG \u2013 B\u00fcrgergenossenschaft f\u00fcr Menschen in Not\u201c gegr\u00fcndet. Kurz vor Weihnachten fiel der Startschuss des ersten Hausbaus mit dem Abriss eines alten Hauses am Standort \u201eSigiltrastra\u00dfe\u201c. Nun hat auch Landtagspr\u00e4sident Bernd Busemann Genossenschaftsanteile gezeichnet. Busemann lie\u00df sich beim Erwerb der Genossenschaftsanteile [&hellip;]\n","protected":false},"author":2,"featured_media":0,"comment_status":"closed","ping_status":"closed","sticky":false,"template":"","format":"standard","meta":{"ngg_post_thumbnail":0,"footnotes":""},"categories":[3],"tags":[],"class_list":["post-18063","post","type-post","status-publish","format-standard","hentry","category-aktuelles-aus-der-region"],"_links":{"self":[{"href":"https:\/\/www.forum-soegel.de\/information\/wp-json\/wp\/v2\/posts\/18063","targetHints":{"allow":["GET"]}}],"collection":[{"href":"https:\/\/www.forum-soegel.de\/information\/wp-json\/wp\/v2\/posts"}],"about":[{"href":"https:\/\/www.forum-soegel.de\/information\/wp-json\/wp\/v2\/types\/post"}],"author":[{"embeddable":true,"href":"https:\/\/www.forum-soegel.de\/information\/wp-json\/wp\/v2\/users\/2"}],"replies":[{"embeddable":true,"href":"https:\/\/www.forum-soegel.de\/information\/wp-json\/wp\/v2\/comments?post=18063"}],"version-history":[{"count":1,"href":"https:\/\/www.forum-soegel.de\/information\/wp-json\/wp\/v2\/posts\/18063\/revisions"}],"predecessor-version":[{"id":18065,"href":"https:\/\/www.forum-soegel.de\/information\/wp-json\/wp\/v2\/posts\/18063\/revisions\/18065"}],"wp:attachment":[{"href":"https:\/\/www.forum-soegel.de\/information\/wp-json\/wp\/v2\/media?parent=18063"}],"wp:term":[{"taxonomy":"category","embeddable":true,"href":"https:\/\/www.forum-soegel.de\/information\/wp-json\/wp\/v2\/categories?post=18063"},{"taxonomy":"post_tag","embeddable":true,"href":"https:\/\/www.forum-soegel.de\/information\/wp-json\/wp\/v2\/tags?post=18063"}],"curies":[{"name":"wp","href":"https:\/\/api.w.org\/{rel}","templated":true}]}}