{"id":18047,"date":"2016-02-07T07:52:08","date_gmt":"2016-02-07T06:52:08","guid":{"rendered":"https:\/\/www.forum-soegel.de\/information\/?p=18047"},"modified":"2016-02-07T07:52:08","modified_gmt":"2016-02-07T06:52:08","slug":"cdu-ortsverband-sogel-besucht-die-cdu-geschaftsstelle-in-papenburg","status":"publish","type":"post","link":"https:\/\/www.forum-soegel.de\/information\/2016\/02\/cdu-ortsverband-sogel-besucht-die-cdu-geschaftsstelle-in-papenburg\/","title":{"rendered":"CDU-Ortsverband S\u00f6gel besucht die CDU-Gesch\u00e4ftsstelle in Papenburg"},"content":{"rendered":"<p><a href=\"https:\/\/www.forum-soegel.de\/information\/wp-content\/uploads\/2016\/02\/CDU-Ortsverband-S\u00f6gel-besucht-die-CDU-Gesch\u00e4ftsstelle-in-Papenburg1.jpg\"><img loading=\"lazy\" decoding=\"async\" class=\"alignleft size-thumbnail wp-image-18048\" title=\"CDU-Ortsverband S\u00f6gel besucht die CDU-Gesch\u00e4ftsstelle in Papenburg1\" src=\"https:\/\/www.forum-soegel.de\/information\/wp-content\/uploads\/2016\/02\/CDU-Ortsverband-S\u00f6gel-besucht-die-CDU-Gesch\u00e4ftsstelle-in-Papenburg1-150x150.jpg\" alt=\"\" width=\"150\" height=\"150\" \/><\/a>S\u00f6gel &#8211; Viel telefoniert wird ohnehin mit Willi Grote, dem Kreisgesch\u00e4ftsf\u00fchrer der CDU in Papenburg, und man sieht sich \u00f6fter auf Veranstaltungen. Nun hat der CDU-Ortsverband die Gelegenheit genutzt, den Mitarbeiterinnen und Mitarbeitern in Papenburg einen vorweihnachtlichen Besuch abzustatten. Willi Grote f\u00fchrte durch die erst k\u00fcrzlich renovierten R\u00e4umlichkeiten im Herzen Papenburgs. \u201eWir wollen mitten unter den Menschen und pr\u00e4sent sein. Nur so bekommen wir f\u00fcr unsere t\u00e4gliche Arbeit die wesentlichen Gedanken, Sorgen und W\u00fcnsche mit, die sich in der Bev\u00f6lkerung durchsetzen und an denen weitergerarbeitet werden muss.&#8220; Hierf\u00fcr ist die Lage am Hauptkanal perfekt. Julia Olliges f\u00fchrte eine informative Pr\u00e4sentation vor, in der die Besucher Einblick in die t\u00e4gliche Arbeit des Europaabgeordneten Jens Gieseke erhielten. Giesekes Terminkalender macht klar, dass ihm das Wohl des Staates an erster Amtsstelle steht, auch wenn sein Herz f\u00fcr seine Frau und seine drei Kinder schl\u00e4gt. Dr. Johannes Lis rundete das Thema mit einem Gesamt\u00fcberblick \u00fcber die Arbeitsbereiche des Wahlkreises der Abgeordneten Gitta Connemann (MdB), Bernd Busemann (MdL) und Jens Gieseke (MdEP) ab. Zur\u00fcck in S\u00f6gel erwartete den CDU-Ortsverband dann die eigentliche \u00dcberraschung. Jens Gieseke, gerade erst aus Br\u00fcssel angereist, machte die Runde bei einem Festessen komplett und widmete sich mit der Ortsgruppe schon einmal dem Thema Kommunalwahl 2016. Auf die Frage, warum er noch so sp\u00e4t zu ihnen ins Restaurant gekommen sei, antwortete Gieseke charmant: \u201eNur, weil meine Frau heute Abend auch zu einer Weihnachtsfeier eingeladen ist und die Kinder schon schlafen.&#8220; Gut so. Mit den T\u00fcchtigen ist das Gl\u00fcck!<\/p>\n<p>&nbsp;<\/p>\n<p>Text\/Foto: CDU-Ortsverband S\u00f6gel<\/p>\n<p><a href=\"https:\/\/www.forum-soegel.de\/information\/wp-content\/uploads\/2016\/02\/CDU-Ortsverband-S\u00f6gel-besucht-die-CDU-Gesch\u00e4ftsstelle-in-Papenburg2.jpg\"><img loading=\"lazy\" decoding=\"async\" class=\"alignnone size-medium wp-image-18049\" title=\"CDU-Ortsverband S\u00f6gel besucht die CDU-Gesch\u00e4ftsstelle in Papenburg2\" src=\"https:\/\/www.forum-soegel.de\/information\/wp-content\/uploads\/2016\/02\/CDU-Ortsverband-S\u00f6gel-besucht-die-CDU-Gesch\u00e4ftsstelle-in-Papenburg2-300x168.jpg\" alt=\"\" width=\"300\" height=\"168\" srcset=\"https:\/\/www.forum-soegel.de\/information\/wp-content\/uploads\/2016\/02\/CDU-Ortsverband-S\u00f6gel-besucht-die-CDU-Gesch\u00e4ftsstelle-in-Papenburg2-300x168.jpg 300w, https:\/\/www.forum-soegel.de\/information\/wp-content\/uploads\/2016\/02\/CDU-Ortsverband-S\u00f6gel-besucht-die-CDU-Gesch\u00e4ftsstelle-in-Papenburg2.jpg 1024w\" sizes=\"auto, (max-width: 300px) 100vw, 300px\" \/><\/a><\/p>\n","protected":false},"excerpt":{"rendered":"S\u00f6gel &#8211; Viel telefoniert wird ohnehin mit Willi Grote, dem Kreisgesch\u00e4ftsf\u00fchrer der CDU in Papenburg, und man sieht sich \u00f6fter auf Veranstaltungen. Nun hat der CDU-Ortsverband die Gelegenheit genutzt, den Mitarbeiterinnen und Mitarbeitern in Papenburg einen vorweihnachtlichen Besuch abzustatten. Willi Grote f\u00fchrte durch die erst k\u00fcrzlich renovierten R\u00e4umlichkeiten im Herzen Papenburgs. \u201eWir wollen mitten unter [&hellip;]\n","protected":false},"author":2,"featured_media":0,"comment_status":"closed","ping_status":"closed","sticky":false,"template":"","format":"standard","meta":{"ngg_post_thumbnail":0,"footnotes":""},"categories":[3],"tags":[],"class_list":["post-18047","post","type-post","status-publish","format-standard","hentry","category-aktuelles-aus-der-region"],"_links":{"self":[{"href":"https:\/\/www.forum-soegel.de\/information\/wp-json\/wp\/v2\/posts\/18047","targetHints":{"allow":["GET"]}}],"collection":[{"href":"https:\/\/www.forum-soegel.de\/information\/wp-json\/wp\/v2\/posts"}],"about":[{"href":"https:\/\/www.forum-soegel.de\/information\/wp-json\/wp\/v2\/types\/post"}],"author":[{"embeddable":true,"href":"https:\/\/www.forum-soegel.de\/information\/wp-json\/wp\/v2\/users\/2"}],"replies":[{"embeddable":true,"href":"https:\/\/www.forum-soegel.de\/information\/wp-json\/wp\/v2\/comments?post=18047"}],"version-history":[{"count":1,"href":"https:\/\/www.forum-soegel.de\/information\/wp-json\/wp\/v2\/posts\/18047\/revisions"}],"predecessor-version":[{"id":18050,"href":"https:\/\/www.forum-soegel.de\/information\/wp-json\/wp\/v2\/posts\/18047\/revisions\/18050"}],"wp:attachment":[{"href":"https:\/\/www.forum-soegel.de\/information\/wp-json\/wp\/v2\/media?parent=18047"}],"wp:term":[{"taxonomy":"category","embeddable":true,"href":"https:\/\/www.forum-soegel.de\/information\/wp-json\/wp\/v2\/categories?post=18047"},{"taxonomy":"post_tag","embeddable":true,"href":"https:\/\/www.forum-soegel.de\/information\/wp-json\/wp\/v2\/tags?post=18047"}],"curies":[{"name":"wp","href":"https:\/\/api.w.org\/{rel}","templated":true}]}}